{"id":9186,"date":"2016-02-15T15:05:48","date_gmt":"2016-02-15T15:05:48","guid":{"rendered":"http:\/\/paroquianossasenhoradaescada.com\/newsite\/?p=9186"},"modified":"2016-02-15T15:05:48","modified_gmt":"2016-02-15T15:05:48","slug":"calendario-de-celebracoes-do-mes-de-fevereiro-de-2016","status":"publish","type":"post","link":"http:\/\/paroquianossasenhoradaescada.com\/newsite\/calendario-de-celebracoes-do-mes-de-fevereiro-de-2016\/","title":{"rendered":"Calend\u00e1rio de Celebra\u00e7\u00f5es do m\u00eas de Fevereiro de 2016"},"content":{"rendered":"<p><a href=\"http:\/\/paroquianossasenhoradaescada.com\/newsite\/wp-content\/uploads\/2016\/02\/Escala-de-celebra\u00e7\u00f5es-Fevereiro-de-2016.pdf\">Escala de celebra\u00e7\u00f5es-Fevereiro de 2016<\/a><\/p>\n","protected":false},"excerpt":{"rendered":"<p>Escala de celebra\u00e7\u00f5es-Fevereiro de 2016<\/p>\n","protected":false},"author":2,"featured_media":0,"comment_status":"open","ping_status":"open","sticky":false,"template":"","format":"standard","meta":{"footnotes":""},"categories":[16],"tags":[],"_links":{"self":[{"href":"http:\/\/paroquianossasenhoradaescada.com\/newsite\/wp-json\/wp\/v2\/posts\/9186"}],"collection":[{"href":"http:\/\/paroquianossasenhoradaescada.com\/newsite\/wp-json\/wp\/v2\/posts"}],"about":[{"href":"http:\/\/paroquianossasenhoradaescada.com\/newsite\/wp-json\/wp\/v2\/types\/post"}],"author":[{"embeddable":true,"href":"http:\/\/paroquianossasenhoradaescada.com\/newsite\/wp-json\/wp\/v2\/users\/2"}],"replies":[{"embeddable":true,"href":"http:\/\/paroquianossasenhoradaescada.com\/newsite\/wp-json\/wp\/v2\/comments?post=9186"}],"version-history":[{"count":0,"href":"http:\/\/paroquianossasenhoradaescada.com\/newsite\/wp-json\/wp\/v2\/posts\/9186\/revisions"}],"wp:attachment":[{"href":"http:\/\/paroquianossasenhoradaescada.com\/newsite\/wp-json\/wp\/v2\/media?parent=9186"}],"wp:term":[{"taxonomy":"category","embeddable":true,"href":"http:\/\/paroquianossasenhoradaescada.com\/newsite\/wp-json\/wp\/v2\/categories?post=9186"},{"taxonomy":"post_tag","embeddable":true,"href":"http:\/\/paroquianossasenhoradaescada.com\/newsite\/wp-json\/wp\/v2\/tags?post=9186"}],"curies":[{"name":"wp","href":"https:\/\/api.w.org\/{rel}","templated":true}]}}