{"id":7862,"date":"2015-11-05T01:53:55","date_gmt":"2015-11-05T01:53:55","guid":{"rendered":"http:\/\/paroquianossasenhoradaescada.com\/newsite\/?p=7862"},"modified":"2015-11-18T21:16:49","modified_gmt":"2015-11-18T21:16:49","slug":"calendario-de-celebracoes-de-novembro-de-2015","status":"publish","type":"post","link":"http:\/\/paroquianossasenhoradaescada.com\/newsite\/calendario-de-celebracoes-de-novembro-de-2015\/","title":{"rendered":"Calend\u00e1rio de Celebra\u00e7\u00f5es de Novembro de 2015"},"content":{"rendered":"<p><a href=\"http:\/\/paroquianossasenhoradaescada.com\/newsite\/wp-content\/uploads\/2015\/11\/Escala-de-celebra\u00e7\u00f5es-de-novembro-de-2015.pdf\">Escala de celebra\u00e7\u00f5es de novembro de 2015<\/a><\/p>\n","protected":false},"excerpt":{"rendered":"<p>Escala de celebra\u00e7\u00f5es de novembro de 2015<\/p>\n","protected":false},"author":2,"featured_media":0,"comment_status":"open","ping_status":"open","sticky":false,"template":"","format":"standard","meta":{"footnotes":""},"categories":[16],"tags":[],"_links":{"self":[{"href":"http:\/\/paroquianossasenhoradaescada.com\/newsite\/wp-json\/wp\/v2\/posts\/7862"}],"collection":[{"href":"http:\/\/paroquianossasenhoradaescada.com\/newsite\/wp-json\/wp\/v2\/posts"}],"about":[{"href":"http:\/\/paroquianossasenhoradaescada.com\/newsite\/wp-json\/wp\/v2\/types\/post"}],"author":[{"embeddable":true,"href":"http:\/\/paroquianossasenhoradaescada.com\/newsite\/wp-json\/wp\/v2\/users\/2"}],"replies":[{"embeddable":true,"href":"http:\/\/paroquianossasenhoradaescada.com\/newsite\/wp-json\/wp\/v2\/comments?post=7862"}],"version-history":[{"count":0,"href":"http:\/\/paroquianossasenhoradaescada.com\/newsite\/wp-json\/wp\/v2\/posts\/7862\/revisions"}],"wp:attachment":[{"href":"http:\/\/paroquianossasenhoradaescada.com\/newsite\/wp-json\/wp\/v2\/media?parent=7862"}],"wp:term":[{"taxonomy":"category","embeddable":true,"href":"http:\/\/paroquianossasenhoradaescada.com\/newsite\/wp-json\/wp\/v2\/categories?post=7862"},{"taxonomy":"post_tag","embeddable":true,"href":"http:\/\/paroquianossasenhoradaescada.com\/newsite\/wp-json\/wp\/v2\/tags?post=7862"}],"curies":[{"name":"wp","href":"https:\/\/api.w.org\/{rel}","templated":true}]}}