{"id":7786,"date":"2015-10-15T20:42:44","date_gmt":"2015-10-15T20:42:44","guid":{"rendered":"http:\/\/paroquianossasenhoradaescada.com\/newsite\/?p=7786"},"modified":"2016-04-06T21:49:16","modified_gmt":"2016-04-06T21:49:16","slug":"campanha-do-cimento-2015","status":"publish","type":"post","link":"http:\/\/paroquianossasenhoradaescada.com\/newsite\/campanha-do-cimento-2015\/","title":{"rendered":"CAMPANHA DO CIMENTO &#8211; Constru\u00e7\u00e3o da Igreja Santo Ant\u00f4nio"},"content":{"rendered":"<p><a href=\"http:\/\/paroquianossasenhoradaescada.com\/newsite\/wp-content\/uploads\/2015\/10\/CAMPANHA-DO-CIMENTO.site_.png\"><img fetchpriority=\"high\" decoding=\"async\" class=\"aligncenter size-full wp-image-7778\" src=\"http:\/\/paroquianossasenhoradaescada.com\/newsite\/wp-content\/uploads\/2015\/10\/CAMPANHA-DO-CIMENTO.site_.png\" alt=\"CAMPANHA DO CIMENTO.site\" width=\"700\" height=\"350\" \/><\/a><\/p>\n","protected":false},"excerpt":{"rendered":"","protected":false},"author":2,"featured_media":0,"comment_status":"open","ping_status":"open","sticky":false,"template":"","format":"standard","meta":{"footnotes":""},"categories":[1],"tags":[],"_links":{"self":[{"href":"http:\/\/paroquianossasenhoradaescada.com\/newsite\/wp-json\/wp\/v2\/posts\/7786"}],"collection":[{"href":"http:\/\/paroquianossasenhoradaescada.com\/newsite\/wp-json\/wp\/v2\/posts"}],"about":[{"href":"http:\/\/paroquianossasenhoradaescada.com\/newsite\/wp-json\/wp\/v2\/types\/post"}],"author":[{"embeddable":true,"href":"http:\/\/paroquianossasenhoradaescada.com\/newsite\/wp-json\/wp\/v2\/users\/2"}],"replies":[{"embeddable":true,"href":"http:\/\/paroquianossasenhoradaescada.com\/newsite\/wp-json\/wp\/v2\/comments?post=7786"}],"version-history":[{"count":0,"href":"http:\/\/paroquianossasenhoradaescada.com\/newsite\/wp-json\/wp\/v2\/posts\/7786\/revisions"}],"wp:attachment":[{"href":"http:\/\/paroquianossasenhoradaescada.com\/newsite\/wp-json\/wp\/v2\/media?parent=7786"}],"wp:term":[{"taxonomy":"category","embeddable":true,"href":"http:\/\/paroquianossasenhoradaescada.com\/newsite\/wp-json\/wp\/v2\/categories?post=7786"},{"taxonomy":"post_tag","embeddable":true,"href":"http:\/\/paroquianossasenhoradaescada.com\/newsite\/wp-json\/wp\/v2\/tags?post=7786"}],"curies":[{"name":"wp","href":"https:\/\/api.w.org\/{rel}","templated":true}]}}