{"id":538,"date":"2013-11-06T14:12:44","date_gmt":"2013-11-06T14:12:44","guid":{"rendered":"http:\/\/nossasenhoradaescada.com.br\/newsite\/?p=538"},"modified":"2024-09-24T00:22:35","modified_gmt":"2024-09-24T00:22:35","slug":"xv-semana-de-fe-e-compromisso-social-da-diocese-de-osasco","status":"publish","type":"post","link":"http:\/\/paroquianossasenhoradaescada.com\/newsite\/xv-semana-de-fe-e-compromisso-social-da-diocese-de-osasco\/","title":{"rendered":"XV SEMANA DE F\u00c9 E COMPROMISSO SOCIAL DA DIOCESE DE OSASCO"},"content":{"rendered":"<p>Nos dias 22,23 e 24 de outubro, aconteceu o 15\u00ba encontro das pastorais sociais e de outros agentes da Diocese de Osasco para discutir o tema: \u201c Um novo Estado, caminho para uma nova sociedade do bem viver\u201d.    <\/p>\n\n\t\t<style type=\"text\/css\">\n\t\t\t#gallery-1 {\n\t\t\t\tmargin: auto;\n\t\t\t}\n\t\t\t#gallery-1 .gallery-item {\n\t\t\t\tfloat: left;\n\t\t\t\tmargin-top: 10px;\n\t\t\t\ttext-align: center;\n\t\t\t\twidth: 33%;\n\t\t\t}\n\t\t\t#gallery-1 img {\n\t\t\t\tborder: 2px solid #cfcfcf;\n\t\t\t}\n\t\t\t#gallery-1 .gallery-caption {\n\t\t\t\tmargin-left: 0;\n\t\t\t}\n\t\t\t\/* see gallery_shortcode() in wp-includes\/media.php *\/\n\t\t<\/style>\n\t\t<div id='gallery-1' class='gallery galleryid-538 gallery-columns-3 gallery-size-thumbnail'><dl class='gallery-item'>\n\t\t\t<dt class='gallery-icon landscape'>\n\t\t\t\t<a href='http:\/\/paroquianossasenhoradaescada.com\/newsite\/wp-content\/uploads\/2013\/11\/15\u00aa-SEMANA-DE-F\u00c9-E-COMPROMISSO-SOCIAL-anexo-9.jpg'><img decoding=\"async\" width=\"200\" height=\"100\" src=\"http:\/\/paroquianossasenhoradaescada.com\/newsite\/wp-content\/uploads\/2013\/11\/15\u00aa-SEMANA-DE-F\u00c9-E-COMPROMISSO-SOCIAL-anexo-9-300x150.jpg\" class=\"attachment-thumbnail size-thumbnail\" alt=\"\" \/><\/a>\n\t\t\t<\/dt><\/dl><dl class='gallery-item'>\n\t\t\t<dt class='gallery-icon landscape'>\n\t\t\t\t<a href='http:\/\/paroquianossasenhoradaescada.com\/newsite\/wp-content\/uploads\/2013\/11\/15\u00aa-SEMANA-DE-F\u00c9-E-COMPROMISSO-SOCIAL-anexo-8.jpg'><img decoding=\"async\" width=\"200\" height=\"100\" src=\"http:\/\/paroquianossasenhoradaescada.com\/newsite\/wp-content\/uploads\/2013\/11\/15\u00aa-SEMANA-DE-F\u00c9-E-COMPROMISSO-SOCIAL-anexo-8-300x150.jpg\" class=\"attachment-thumbnail size-thumbnail\" alt=\"\" \/><\/a>\n\t\t\t<\/dt><\/dl>\n\t\t\t<br style='clear: both' \/>\n\t\t<\/div>\n\n<p>Ap\u00f3s a abertura do encontro pelo Padre Mauro, o professor Jos\u00e9 N. Cardoso falou sobre o tema, atualizando dados e esclarecendo duvidas. O f\u00f3rum foi marcado por uma presen\u00e7a significativa de Par\u00f3quia Nossa Senhora da Escada. O ultimo dia foi reservado para discuss\u00f5es e planejamento de a\u00e7\u00f5es sociais. <\/p>\n","protected":false},"excerpt":{"rendered":"<p>Nos dias 22,23 e 24 de outubro, aconteceu o 15\u00ba encontro das pastorais sociais e de outros agentes da Diocese de Osasco para discutir o tema: \u201c Um novo Estado, caminho para uma nova sociedade do bem viver\u201d. Ap\u00f3s a abertura do encontro pelo Padre Mauro, o professor Jos\u00e9 N. Cardoso falou sobre o tema,&hellip;<\/p>\n","protected":false},"author":1,"featured_media":0,"comment_status":"open","ping_status":"open","sticky":false,"template":"","format":"standard","meta":{"footnotes":""},"categories":[1],"tags":[],"_links":{"self":[{"href":"http:\/\/paroquianossasenhoradaescada.com\/newsite\/wp-json\/wp\/v2\/posts\/538"}],"collection":[{"href":"http:\/\/paroquianossasenhoradaescada.com\/newsite\/wp-json\/wp\/v2\/posts"}],"about":[{"href":"http:\/\/paroquianossasenhoradaescada.com\/newsite\/wp-json\/wp\/v2\/types\/post"}],"author":[{"embeddable":true,"href":"http:\/\/paroquianossasenhoradaescada.com\/newsite\/wp-json\/wp\/v2\/users\/1"}],"replies":[{"embeddable":true,"href":"http:\/\/paroquianossasenhoradaescada.com\/newsite\/wp-json\/wp\/v2\/comments?post=538"}],"version-history":[{"count":1,"href":"http:\/\/paroquianossasenhoradaescada.com\/newsite\/wp-json\/wp\/v2\/posts\/538\/revisions"}],"predecessor-version":[{"id":14621,"href":"http:\/\/paroquianossasenhoradaescada.com\/newsite\/wp-json\/wp\/v2\/posts\/538\/revisions\/14621"}],"wp:attachment":[{"href":"http:\/\/paroquianossasenhoradaescada.com\/newsite\/wp-json\/wp\/v2\/media?parent=538"}],"wp:term":[{"taxonomy":"category","embeddable":true,"href":"http:\/\/paroquianossasenhoradaescada.com\/newsite\/wp-json\/wp\/v2\/categories?post=538"},{"taxonomy":"post_tag","embeddable":true,"href":"http:\/\/paroquianossasenhoradaescada.com\/newsite\/wp-json\/wp\/v2\/tags?post=538"}],"curies":[{"name":"wp","href":"https:\/\/api.w.org\/{rel}","templated":true}]}}