{"id":534,"date":"2013-11-06T14:12:06","date_gmt":"2013-11-06T14:12:06","guid":{"rendered":"http:\/\/nossasenhoradaescada.com.br\/newsite\/?p=534"},"modified":"2024-09-24T00:22:21","modified_gmt":"2024-09-24T00:22:21","slug":"dom-ercilio-abencoa-o-altar-da-igreja-nossa-senhora-da-esperanca","status":"publish","type":"post","link":"http:\/\/paroquianossasenhoradaescada.com\/newsite\/dom-ercilio-abencoa-o-altar-da-igreja-nossa-senhora-da-esperanca\/","title":{"rendered":"DOM ERC\u00cdLIO ABEN\u00c7OA O ALTAR DA IGREJA NOSSA SENHORA DA ESPERAN\u00c7A"},"content":{"rendered":"<p>O dia 5 de outubro ser\u00e1 marcado para sempre para a Comunidade Nossa Senhora da Esperan\u00e7a. Na celebra\u00e7\u00e3o, al\u00e9m de v\u00e1rios jovens que receberam os sacramentos do Batismo, Eucaristia e Crisma, D. Erc\u00edlio benzeu o altar da igreja e Padre Mauro depositou sob ele a rel\u00edquia de Madre Paulina. As seis comunidades estavam presentes, acompanhadas de seus catequistas que realizam um bonito trabalho de evangeliza\u00e7\u00e3o na nossa Par\u00f3quia.<\/p>\n\n\t\t<style type=\"text\/css\">\n\t\t\t#gallery-1 {\n\t\t\t\tmargin: auto;\n\t\t\t}\n\t\t\t#gallery-1 .gallery-item {\n\t\t\t\tfloat: left;\n\t\t\t\tmargin-top: 10px;\n\t\t\t\ttext-align: center;\n\t\t\t\twidth: 33%;\n\t\t\t}\n\t\t\t#gallery-1 img {\n\t\t\t\tborder: 2px solid #cfcfcf;\n\t\t\t}\n\t\t\t#gallery-1 .gallery-caption {\n\t\t\t\tmargin-left: 0;\n\t\t\t}\n\t\t\t\/* see gallery_shortcode() in wp-includes\/media.php *\/\n\t\t<\/style>\n\t\t<div id='gallery-1' class='gallery galleryid-534 gallery-columns-3 gallery-size-thumbnail'><dl class='gallery-item'>\n\t\t\t<dt class='gallery-icon landscape'>\n\t\t\t\t<a href='http:\/\/paroquianossasenhoradaescada.com\/newsite\/wp-content\/uploads\/2013\/11\/crisma-2013-011.jpg'><img decoding=\"async\" width=\"200\" height=\"200\" src=\"http:\/\/paroquianossasenhoradaescada.com\/newsite\/wp-content\/uploads\/2013\/11\/crisma-2013-011-200x200.jpg\" class=\"attachment-thumbnail size-thumbnail\" alt=\"\" \/><\/a>\n\t\t\t<\/dt><\/dl><dl class='gallery-item'>\n\t\t\t<dt class='gallery-icon landscape'>\n\t\t\t\t<a href='http:\/\/paroquianossasenhoradaescada.com\/newsite\/wp-content\/uploads\/2013\/11\/dedica\u00e7ao-do-altar-e-missa-do-crisma-anexo-51.jpg'><img decoding=\"async\" width=\"200\" height=\"200\" src=\"http:\/\/paroquianossasenhoradaescada.com\/newsite\/wp-content\/uploads\/2013\/11\/dedica\u00e7ao-do-altar-e-missa-do-crisma-anexo-51-200x200.jpg\" class=\"attachment-thumbnail size-thumbnail\" alt=\"\" srcset=\"http:\/\/paroquianossasenhoradaescada.com\/newsite\/wp-content\/uploads\/2013\/11\/dedica\u00e7ao-do-altar-e-missa-do-crisma-anexo-51-200x200.jpg 200w, http:\/\/paroquianossasenhoradaescada.com\/newsite\/wp-content\/uploads\/2013\/11\/dedica\u00e7ao-do-altar-e-missa-do-crisma-anexo-51.jpg 350w\" sizes=\"(max-width: 200px) 100vw, 200px\" \/><\/a>\n\t\t\t<\/dt><\/dl><dl class='gallery-item'>\n\t\t\t<dt class='gallery-icon landscape'>\n\t\t\t\t<a href='http:\/\/paroquianossasenhoradaescada.com\/newsite\/wp-content\/uploads\/2013\/11\/missa-dedica\u00e7\u00e3o-do-altar-e-missa-do-crisma-anexo-661.jpg'><img decoding=\"async\" width=\"200\" height=\"200\" src=\"http:\/\/paroquianossasenhoradaescada.com\/newsite\/wp-content\/uploads\/2013\/11\/missa-dedica\u00e7\u00e3o-do-altar-e-missa-do-crisma-anexo-661-200x200.jpg\" class=\"attachment-thumbnail size-thumbnail\" alt=\"\" \/><\/a>\n\t\t\t<\/dt><\/dl><br style=\"clear: both\" \/>\n\t\t<\/div>\n\n","protected":false},"excerpt":{"rendered":"<p>O dia 5 de outubro ser\u00e1 marcado para sempre para a Comunidade Nossa Senhora da Esperan\u00e7a. Na celebra\u00e7\u00e3o, al\u00e9m de v\u00e1rios jovens que receberam os sacramentos do Batismo, Eucaristia e Crisma, D. Erc\u00edlio benzeu o altar da igreja e Padre Mauro depositou sob ele a rel\u00edquia de Madre Paulina. As seis comunidades estavam presentes, acompanhadas&hellip;<\/p>\n","protected":false},"author":1,"featured_media":0,"comment_status":"open","ping_status":"open","sticky":false,"template":"","format":"standard","meta":{"footnotes":""},"categories":[1],"tags":[],"_links":{"self":[{"href":"http:\/\/paroquianossasenhoradaescada.com\/newsite\/wp-json\/wp\/v2\/posts\/534"}],"collection":[{"href":"http:\/\/paroquianossasenhoradaescada.com\/newsite\/wp-json\/wp\/v2\/posts"}],"about":[{"href":"http:\/\/paroquianossasenhoradaescada.com\/newsite\/wp-json\/wp\/v2\/types\/post"}],"author":[{"embeddable":true,"href":"http:\/\/paroquianossasenhoradaescada.com\/newsite\/wp-json\/wp\/v2\/users\/1"}],"replies":[{"embeddable":true,"href":"http:\/\/paroquianossasenhoradaescada.com\/newsite\/wp-json\/wp\/v2\/comments?post=534"}],"version-history":[{"count":1,"href":"http:\/\/paroquianossasenhoradaescada.com\/newsite\/wp-json\/wp\/v2\/posts\/534\/revisions"}],"predecessor-version":[{"id":14620,"href":"http:\/\/paroquianossasenhoradaescada.com\/newsite\/wp-json\/wp\/v2\/posts\/534\/revisions\/14620"}],"wp:attachment":[{"href":"http:\/\/paroquianossasenhoradaescada.com\/newsite\/wp-json\/wp\/v2\/media?parent=534"}],"wp:term":[{"taxonomy":"category","embeddable":true,"href":"http:\/\/paroquianossasenhoradaescada.com\/newsite\/wp-json\/wp\/v2\/categories?post=534"},{"taxonomy":"post_tag","embeddable":true,"href":"http:\/\/paroquianossasenhoradaescada.com\/newsite\/wp-json\/wp\/v2\/tags?post=534"}],"curies":[{"name":"wp","href":"https:\/\/api.w.org\/{rel}","templated":true}]}}