{"id":528,"date":"2013-11-06T14:09:56","date_gmt":"2013-11-06T14:09:56","guid":{"rendered":"http:\/\/nossasenhoradaescada.com.br\/newsite\/?p=528"},"modified":"2024-09-24T00:22:04","modified_gmt":"2024-09-24T00:22:04","slug":"assembleia-diocesana","status":"publish","type":"post","link":"http:\/\/paroquianossasenhoradaescada.com\/newsite\/assembleia-diocesana\/","title":{"rendered":"ASSEMBLEIA DIOCESANA"},"content":{"rendered":"<p><img fetchpriority=\"high\" decoding=\"async\" src=\"http:\/\/nossasenhoradaescada.com.br\/newsite\/wp-content\/uploads\/2013\/11\/assembleia-diocesana-anexo-4.jpg\" alt=\"\" title=\"assembleia diocesana     anexo 4\" width=\"607\" height=\"455\" class=\"aligncenter size-full wp-image-530\" \/><\/p>\n<p>Para dar continuidade ao 7\u00ba Plano Diocesano de pastoral, no dia 5 de outubro, reuniram-se leigos, seminaristas, religiosos, padres e Dom Erc\u00edlio para discutir e definir as prioridades no projeto: <strong>Ser Igreja Diocesana- Casa de Inicia\u00e7\u00e3o \u00e0 Vida Crist\u00e3<\/strong>. Padre Vagner e Padre Jorge apresentaram o tema que foi discutido pelos grupos e, logo depois, votado pela assembleia. As prioridades definidas foram: a cria\u00e7\u00e3o do Estatuto do RICA (Ritual de Inicia\u00e7\u00e3o Crist\u00e3 de Adultos), para que haja uma \u00fanica dire\u00e7\u00e3o diocesana e o Diret\u00f3rio dos sacramentos para os catequistas (introdutores), a produ\u00e7\u00e3o de material did\u00e1tico onde se vise a viv\u00eancia crist\u00e3, a perten\u00e7a a Igreja, o encontro com Jesus Cristo, o discipulado, a convers\u00e3o em comunh\u00e3o com a doutrina da Igreja. E por fim, o desenvolvimento de um projeto de forma\u00e7\u00e3o diocesana para que os catequistas  tenham orienta\u00e7\u00e3o psicopedag\u00f3gica para que haja novas metodologias.<\/p>\n","protected":false},"excerpt":{"rendered":"<p>Para dar continuidade ao 7\u00ba Plano Diocesano de pastoral, no dia 5 de outubro, reuniram-se leigos, seminaristas, religiosos, padres e Dom Erc\u00edlio para discutir e definir as prioridades no projeto: Ser Igreja Diocesana- Casa de Inicia\u00e7\u00e3o \u00e0 Vida Crist\u00e3. Padre Vagner e Padre Jorge apresentaram o tema que foi discutido pelos grupos e, logo depois,&hellip;<\/p>\n","protected":false},"author":1,"featured_media":0,"comment_status":"open","ping_status":"open","sticky":false,"template":"","format":"standard","meta":{"footnotes":""},"categories":[1],"tags":[],"_links":{"self":[{"href":"http:\/\/paroquianossasenhoradaescada.com\/newsite\/wp-json\/wp\/v2\/posts\/528"}],"collection":[{"href":"http:\/\/paroquianossasenhoradaescada.com\/newsite\/wp-json\/wp\/v2\/posts"}],"about":[{"href":"http:\/\/paroquianossasenhoradaescada.com\/newsite\/wp-json\/wp\/v2\/types\/post"}],"author":[{"embeddable":true,"href":"http:\/\/paroquianossasenhoradaescada.com\/newsite\/wp-json\/wp\/v2\/users\/1"}],"replies":[{"embeddable":true,"href":"http:\/\/paroquianossasenhoradaescada.com\/newsite\/wp-json\/wp\/v2\/comments?post=528"}],"version-history":[{"count":1,"href":"http:\/\/paroquianossasenhoradaescada.com\/newsite\/wp-json\/wp\/v2\/posts\/528\/revisions"}],"predecessor-version":[{"id":14619,"href":"http:\/\/paroquianossasenhoradaescada.com\/newsite\/wp-json\/wp\/v2\/posts\/528\/revisions\/14619"}],"wp:attachment":[{"href":"http:\/\/paroquianossasenhoradaescada.com\/newsite\/wp-json\/wp\/v2\/media?parent=528"}],"wp:term":[{"taxonomy":"category","embeddable":true,"href":"http:\/\/paroquianossasenhoradaescada.com\/newsite\/wp-json\/wp\/v2\/categories?post=528"},{"taxonomy":"post_tag","embeddable":true,"href":"http:\/\/paroquianossasenhoradaescada.com\/newsite\/wp-json\/wp\/v2\/tags?post=528"}],"curies":[{"name":"wp","href":"https:\/\/api.w.org\/{rel}","templated":true}]}}