{"id":522,"date":"2013-11-06T14:07:16","date_gmt":"2013-11-06T14:07:16","guid":{"rendered":"http:\/\/nossasenhoradaescada.com.br\/newsite\/?p=522"},"modified":"2024-09-24T00:21:46","modified_gmt":"2024-09-24T00:21:46","slug":"fieis-participam-com-alegria-da-festa-da-padroeira-do-brasil","status":"publish","type":"post","link":"http:\/\/paroquianossasenhoradaescada.com\/newsite\/fieis-participam-com-alegria-da-festa-da-padroeira-do-brasil\/","title":{"rendered":"FI\u00c9IS PARTICIPAM COM ALEGRIA DA FESTA DA PADROEIRA DO BRASIL"},"content":{"rendered":"<p><a href=\"http:\/\/paroquianossasenhoradaescada.com\/newsite\/wp-content\/uploads\/2013\/11\/FESTA-DE-NOSSA-SENHORA-APARECIDA-anexo-21.jpg\"><img decoding=\"async\" src=\"http:\/\/paroquianossasenhoradaescada.com\/newsite\/wp-content\/uploads\/2013\/11\/FESTA-DE-NOSSA-SENHORA-APARECIDA-anexo-21-200x200.jpg\" alt=\"\" title=\"FESTA DE NOSSA SENHORA APARECIDA   anexo 21\" width=\"200\" height=\"200\" class=\"alignleft size-thumbnail wp-image-998\" \/><\/a>No dia 12 de outubro, a Par\u00f3quia Nossa Senhora da Escada se reuniu na Igreja Nossa Senhora Aparecida para agradecer e louvar a Deus, pedindo a intercess\u00e3o e as b\u00ean\u00e7\u00e3os da Padroeira do Brasil, Nossa Senhora Aparecida. Foi um semana aben\u00e7oada, come\u00e7ando com o tr\u00edduo em prepara\u00e7\u00e3o para festa, animada pelas seis Comunidades da Par\u00f3quia.<a href=\"http:\/\/paroquianossasenhoradaescada.com\/newsite\/wp-content\/uploads\/2013\/11\/fest-aparecida.jpg\"><img decoding=\"async\" src=\"http:\/\/paroquianossasenhoradaescada.com\/newsite\/wp-content\/uploads\/2013\/11\/fest-aparecida-200x200.jpg\" alt=\"\" title=\"fest aparecida\" width=\"200\" height=\"200\" class=\"alignright size-thumbnail wp-image-1413\" \/><\/a><br \/>\nNo dia da festa a programa\u00e7\u00e3o foi intensa, com a missa animada pelas crian\u00e7as, ter\u00e7o, o tradicional bolo para as crian\u00e7as, a queima de fogos e encerrando com a missa em louvor \u00e0 padroeira, a tradicional quermesse e a esperada prociss\u00e3o pelo bairro. O momento marcante e de maior emo\u00e7\u00e3o da celebra\u00e7\u00e3o foi \u00e0 entrada da imagem, trazidas pelas crian\u00e7as caracterizadas de pescadores dentro do barco.<br \/>\n<a href=\"http:\/\/paroquianossasenhoradaescada.com\/newsite\/wp-content\/uploads\/2013\/11\/Sem-t\u00edtulo-aparecida.jpg\"><img fetchpriority=\"high\" decoding=\"async\" src=\"http:\/\/paroquianossasenhoradaescada.com\/newsite\/wp-content\/uploads\/2013\/11\/Sem-t\u00edtulo-aparecida.jpg\" alt=\"\" title=\"Sem t\u00edtulo aparecida\" width=\"480\" height=\"320\" class=\"aligncenter size-full wp-image-1415\" \/><\/a><br \/>\n<a href=\"http:\/\/http:\/\/www.paroquianossasenhoradaescada.com\/newsite\/?p=369\"><!--more-->VEJA MAIS FOTOS<\/p>\n","protected":false},"excerpt":{"rendered":"<p>No dia 12 de outubro, a Par\u00f3quia Nossa Senhora da Escada se reuniu na Igreja Nossa Senhora Aparecida para agradecer e louvar a Deus, pedindo a intercess\u00e3o e as b\u00ean\u00e7\u00e3os da Padroeira do Brasil, Nossa Senhora Aparecida. Foi um semana aben\u00e7oada, come\u00e7ando com o tr\u00edduo em prepara\u00e7\u00e3o para festa, animada pelas seis Comunidades da Par\u00f3quia.&hellip;<\/p>\n","protected":false},"author":1,"featured_media":0,"comment_status":"open","ping_status":"open","sticky":false,"template":"","format":"standard","meta":{"footnotes":""},"categories":[1],"tags":[],"_links":{"self":[{"href":"http:\/\/paroquianossasenhoradaescada.com\/newsite\/wp-json\/wp\/v2\/posts\/522"}],"collection":[{"href":"http:\/\/paroquianossasenhoradaescada.com\/newsite\/wp-json\/wp\/v2\/posts"}],"about":[{"href":"http:\/\/paroquianossasenhoradaescada.com\/newsite\/wp-json\/wp\/v2\/types\/post"}],"author":[{"embeddable":true,"href":"http:\/\/paroquianossasenhoradaescada.com\/newsite\/wp-json\/wp\/v2\/users\/1"}],"replies":[{"embeddable":true,"href":"http:\/\/paroquianossasenhoradaescada.com\/newsite\/wp-json\/wp\/v2\/comments?post=522"}],"version-history":[{"count":1,"href":"http:\/\/paroquianossasenhoradaescada.com\/newsite\/wp-json\/wp\/v2\/posts\/522\/revisions"}],"predecessor-version":[{"id":14618,"href":"http:\/\/paroquianossasenhoradaescada.com\/newsite\/wp-json\/wp\/v2\/posts\/522\/revisions\/14618"}],"wp:attachment":[{"href":"http:\/\/paroquianossasenhoradaescada.com\/newsite\/wp-json\/wp\/v2\/media?parent=522"}],"wp:term":[{"taxonomy":"category","embeddable":true,"href":"http:\/\/paroquianossasenhoradaescada.com\/newsite\/wp-json\/wp\/v2\/categories?post=522"},{"taxonomy":"post_tag","embeddable":true,"href":"http:\/\/paroquianossasenhoradaescada.com\/newsite\/wp-json\/wp\/v2\/tags?post=522"}],"curies":[{"name":"wp","href":"https:\/\/api.w.org\/{rel}","templated":true}]}}