{"id":4882,"date":"2014-12-31T16:28:16","date_gmt":"2014-12-31T16:28:16","guid":{"rendered":"http:\/\/paroquianossasenhoradaescada.com\/newsite\/?p=4882"},"modified":"2014-12-31T16:28:16","modified_gmt":"2014-12-31T16:28:16","slug":"calendario-de-celebracoes-de-janeiro-de-2015","status":"publish","type":"post","link":"http:\/\/paroquianossasenhoradaescada.com\/newsite\/calendario-de-celebracoes-de-janeiro-de-2015\/","title":{"rendered":"Calend\u00e1rio de Celebra\u00e7\u00f5es de JANEIRO de 2015"},"content":{"rendered":"<p><a href='http:\/\/paroquianossasenhoradaescada.com\/newsite\/wp-content\/uploads\/2014\/12\/Calendario-de-Celebra\u00e7\u00f5es-de-Janeiro-2015.pdf'>Calendario de Celebra\u00e7\u00f5es de Janeiro 2015<\/a><\/p>\n","protected":false},"excerpt":{"rendered":"<p>Calendario de Celebra\u00e7\u00f5es de Janeiro 2015<\/p>\n","protected":false},"author":2,"featured_media":0,"comment_status":"open","ping_status":"open","sticky":false,"template":"","format":"standard","meta":{"footnotes":""},"categories":[16],"tags":[],"_links":{"self":[{"href":"http:\/\/paroquianossasenhoradaescada.com\/newsite\/wp-json\/wp\/v2\/posts\/4882"}],"collection":[{"href":"http:\/\/paroquianossasenhoradaescada.com\/newsite\/wp-json\/wp\/v2\/posts"}],"about":[{"href":"http:\/\/paroquianossasenhoradaescada.com\/newsite\/wp-json\/wp\/v2\/types\/post"}],"author":[{"embeddable":true,"href":"http:\/\/paroquianossasenhoradaescada.com\/newsite\/wp-json\/wp\/v2\/users\/2"}],"replies":[{"embeddable":true,"href":"http:\/\/paroquianossasenhoradaescada.com\/newsite\/wp-json\/wp\/v2\/comments?post=4882"}],"version-history":[{"count":0,"href":"http:\/\/paroquianossasenhoradaescada.com\/newsite\/wp-json\/wp\/v2\/posts\/4882\/revisions"}],"wp:attachment":[{"href":"http:\/\/paroquianossasenhoradaescada.com\/newsite\/wp-json\/wp\/v2\/media?parent=4882"}],"wp:term":[{"taxonomy":"category","embeddable":true,"href":"http:\/\/paroquianossasenhoradaescada.com\/newsite\/wp-json\/wp\/v2\/categories?post=4882"},{"taxonomy":"post_tag","embeddable":true,"href":"http:\/\/paroquianossasenhoradaescada.com\/newsite\/wp-json\/wp\/v2\/tags?post=4882"}],"curies":[{"name":"wp","href":"https:\/\/api.w.org\/{rel}","templated":true}]}}