{"id":3977,"date":"2014-08-09T17:39:39","date_gmt":"2014-08-09T17:39:39","guid":{"rendered":"http:\/\/paroquianossasenhoradaescada.com\/newsite\/?p=3977"},"modified":"2014-08-10T16:51:12","modified_gmt":"2014-08-10T16:51:12","slug":"3977","status":"publish","type":"post","link":"http:\/\/paroquianossasenhoradaescada.com\/newsite\/3977\/","title":{"rendered":"Veja quem estar\u00e1 no palco do COMVOCA\u00c7\u00c3O 2014"},"content":{"rendered":"<p><a href=\"http:\/\/paroquianossasenhoradaescada.com\/newsite\/wp-content\/uploads\/2014\/08\/cartaz-comvocacao-355x360.jpg\"><img fetchpriority=\"high\" decoding=\"async\" class=\"aligncenter size-full wp-image-3978\" title=\"cartaz-comvocacao-355x360\" src=\"http:\/\/paroquianossasenhoradaescada.com\/newsite\/wp-content\/uploads\/2014\/08\/cartaz-comvocacao-355x360.jpg\" alt=\"\" width=\"355\" height=\"360\" \/><\/a><\/p>\n<p>O Comvoca\u00e7\u00e3o re\u00fane grandes nomes da m\u00fasica cat\u00f3lica em shows durante o fim de semana. Conhe\u00e7a um pouco da trajet\u00f3ria dos cantores e bandas que ir\u00e3o se apresentar nessa 11\u00aa edi\u00e7\u00e3o no Palco Principal da Festa das Voca\u00e7\u00f5es.<\/p>\n<p><strong>Rosa de Saron<br \/>\n<\/strong><br \/>\n<a href=\"http:\/\/paroquianossasenhoradaescada.com\/newsite\/wp-content\/uploads\/2014\/08\/d46_rosa_de_saron_min_cbbc-691804-5015c4d6ccc7e-300x100.jpg\"><img decoding=\"async\" class=\"alignleft size-full wp-image-3979\" title=\"d46_rosa_de_saron_min_cbbc-691804-5015c4d6ccc7e-300x100\" src=\"http:\/\/paroquianossasenhoradaescada.com\/newsite\/wp-content\/uploads\/2014\/08\/d46_rosa_de_saron_min_cbbc-691804-5015c4d6ccc7e-300x100.jpg\" alt=\"\" width=\"300\" height=\"100\" \/><\/a>Mais uma vez a banda cat\u00f3lica de rock sobe ao Palco Principal do Comvoca\u00e7\u00e3o, far\u00e1 o show de encerramento do evento no domingo ap\u00f3s a Adora\u00e7\u00e3o. Na edi\u00e7\u00e3o do ano anterior o grupo foi um dos grandes detaques da Festa das Voca\u00e7\u00f5es, levando o p\u00fablico uma formid\u00e1vel apresenta\u00e7\u00e3o musical.<\/p>\n<p>J\u00e1 com o seu mais novo trabalho, a banda apresentar\u00e1 trechos da sua nova turn\u00ea, \u201cCartas ao Remetente\u201d. CD esse que foi gravado recentemente e distribuido mais uma vez pela Som Livre, tendo seu lan\u00e7amento oficial no dia 1\u00ba de junho.<\/p>\n<p>A banda Rosa de Saron \u00e9 formada pelo vocalista Guilherme de S\u00e1, o guitarrista Eduardo Faro, no baixo Rog\u00e9rio Feltrin e Grev\u00e3o na bateria e, surgiu em Campinas-SP, em 1988, dentro da Renova\u00e7\u00e3o Carism\u00e1tica Cat\u00f3lica.<\/p>\n<p>O primeiro \u00e1lbum da banda foi \u201cDiante da Cruz\u201d, o segundo foi \u201cAng\u00fastia Suprema\u201d que fez despertar o interesse pelo grupo fora do meio musical religioso. No ano de 2002 o Rosa passou por mudan\u00e7as, trocando de vocalista e lan\u00e7ando o disco que consagrou a banda, \u201cDepois do Inverno\u201d. J\u00e1 em 2005 foi lan\u00e7ado o CD \u201cCasa dos Espelhos\u201d, que no ano seguinte foi eleito como o 3\u00ba Melhor disco de Hard Rock Nacional.<\/p>\n<p>Em 2008, o grupo gravou seu primeiro DVD em celebra\u00e7\u00e3o aos 20 anos de carreira, o \u201cAc\u00fastico e Ao Vivo\u201d, distribu\u00eddo pela Som Livre e que rendeu a banda o primeiro CD e DVD de Ouro.<\/p>\n<p>O Rosa de Saron foi por dois anos consecutivos (2010 e 2011), indicado ao Latin Grammy Awards, um dos maiores pr\u00eamios da m\u00fasica mundial.<\/p>\n<p>Ainda em 2011, \u00e0 convite da CNBB se apresentou na Jornada Mundial da Juventude em Madri-Espanha. E no passado, 2013, a banda novamente participou da JMJ, s\u00f3 que agora aqui no Brasil, no Rio de Janeiro. Tendo como destaque o vocalista Guilherme de S\u00e1 que cantou na Missa de Encerramento com o Papa Francisco e tamb\u00e9m o show para mais de 3 milh\u00f5es de pessoas durante a Vig\u00edlia e no final da Jornada. Ainda na ocasi\u00e3o do evento, a banda lan\u00e7ou o DVD Latitude e Longitude, que tinha sido gravado anteriormente na capital mineira.<\/p>\n<p>A Banda Rosa de Saron j\u00e1 tem 26 anos de carreira e hoje contabiliza uma m\u00e9dia de 150 mil acessos por m\u00eas no site oficial, tem mais de 15 milh\u00f5es de visualiza\u00e7\u00f5es no canal oficial no Youtube e no Facebook cerca de 1,8 milh\u00e3o de \u201ccurtir\u201d. Estando ainda no topo das mais tocadas no site Vagalume no ranking das bandas de rock nacional.<\/p>\n<p><strong>Iahweh<br \/>\n<\/strong><br \/>\n<a href=\"http:\/\/paroquianossasenhoradaescada.com\/newsite\/wp-content\/uploads\/2014\/08\/download-300x118-iahweh.jpg\"><img decoding=\"async\" class=\"alignright size-full wp-image-3980\" title=\"download-300x118 iahweh\" src=\"http:\/\/paroquianossasenhoradaescada.com\/newsite\/wp-content\/uploads\/2014\/08\/download-300x118-iahweh.jpg\" alt=\"\" width=\"300\" height=\"118\" \/><\/a>Uma das bandas solicitadas pelo p\u00fablico do Comvoca\u00e7\u00e3o, Iahweh se apresenta pela primeira vez no Palco Principal da Festa das Voca\u00e7\u00f5es, o show ser\u00e1 no domingo. Com seu Rock cat\u00f3lico o grupo promete levar as pessoas a uma forte experi\u00eancia de Deus, atrav\u00e9s de suas m\u00fasicas com \u201carranjos ousados e letra fortes, que falam da vida, do dia a dia, do amor, do perd\u00e3o, da fam\u00edlia, de Deus\u201d.<\/p>\n<p>O mais novo sucesso de Iahweh \u00e9 o clipe \u201cDeserto\u201d(que j\u00e1 passa de mais de 400 mil visualiza\u00e7\u00f5es no Youtube), m\u00fasica tema do terceiro e mais novo \u00e1lbum da banda, que conta com a participa\u00e7\u00e3o do padre F\u00e1bio de Melo, e foi lan\u00e7ado pela gravadora CODIMUC.<\/p>\n<p>A banda Iahweh surgiu na d\u00e9cada de 90 com o nome inicial de Apocalipse, mas ap\u00f3s participar e ganhar o segundo lugar (com a can\u00e7\u00e3o Cor\u00edntios 13) em um festival na cidade de Cachoeira Paulista-SP, em 93, foi que surgiu o nome Iahweh. Hoje a banda Iahweh \u00e9 composta por Andr\u00e9 Leite (vocal), Tiago Mattos e Toninho de Marco (guitarras), Alessandro BTN (baixo) e Eloy Casagrande (bateria).<\/p>\n<p>\u201cAlfa e \u00d4mega\u201d foi o primeiro disco do grupo gravado em 1996, tamb\u00e9m pela CODIMUC, emplacando o sucesso \u201cSalve Rainha\u201d. Depois disso, Iahweh passou por algumas mudan\u00e7as na forma\u00e7\u00e3o da equipe, sendo que em 2000 se afastaram dos palcos e s\u00f3 no ano seguinte voltaram \u00e0 se apresentar com uma nova forma\u00e7\u00e3o. Somente em 2007 \u00e9 que voltariam aos est\u00fadios e no ano seguinte sairia o segundo trabalho da banda, com o \u00e1lbum \u201cNeblim\u201d.<\/p>\n<p>Em 2010 Iahweh lan\u00e7ou um videoclipe, o primeiro do grupo, da m\u00fasica tema deste \u00faltimo trabalho: Neblim. Agora com um novo arranjo e com a participa\u00e7\u00e3o da Orquestra Filarm\u00f4nica do Cone Leste Paulista, hoje com quase 700 mil visualiza\u00e7\u00f5es no Youtube.<\/p>\n<p><strong>F\u00e1tima Souza<br \/>\n<\/strong><br \/>\n<a href=\"http:\/\/paroquianossasenhoradaescada.com\/newsite\/wp-content\/uploads\/2014\/08\/download-1-fatima.jpg\"><img loading=\"lazy\" decoding=\"async\" class=\"alignleft size-full wp-image-3981\" title=\"download-1 fatima\" src=\"http:\/\/paroquianossasenhoradaescada.com\/newsite\/wp-content\/uploads\/2014\/08\/download-1-fatima.jpg\" alt=\"\" width=\"293\" height=\"172\" \/><\/a>J\u00e1 conhecida no Comvoca\u00e7\u00e3o por ser filha da Diocese, nascida em Osasco-SP e por tamb\u00e9m j\u00e1 ter feito apresenta\u00e7\u00f5es com outras bandas, essa \u00e9 a primeira vez que F\u00e1tima Souza soube ao palco da Festa das Voca\u00e7\u00f5es agora em sua carreira solo.<\/p>\n<p>A cantora nos apresenta no domingo o seu primeiro trabalho dessa nova etapa, o \u00e1lbum \u201cSem Ti nada posso\u201d, gravado pela Can\u00e7\u00e3o Nova.<\/p>\n<p>Desde os 7 meses de vida que ela j\u00e1 come\u00e7ou sua caminhada de Igreja, participando de grupo de ora\u00e7\u00e3o, minist\u00e9rio de m\u00fasica e liturgia.<\/p>\n<p>Aos 14 anos j\u00e1 fazia aulas de canto com o Juninho Cassimiro (atualmente o coordenador nacional do Minist\u00e9rio de Artes da RCC). Dois anos depois ela mesmo j\u00e1 ministrava aulas de canto.<\/p>\n<p>De 2005 a 2012, ela foi vocalista do Minist\u00e9rio Adora\u00e7\u00e3o e Vida, mas sua primeira experi\u00eancia em est\u00fadio aconteceu juntamente com a Diocese de Osasco, quando uma de suas composi\u00e7\u00f5es (a m\u00fasica \u201cEu te amo\u201d, baseado em Isaias 43) foi selecionada para compor no primeiro cd da Diocese de Osasco.<\/p>\n<p><strong>Banda Arkanjos<br \/>\n<\/strong><br \/>\n<a href=\"http:\/\/paroquianossasenhoradaescada.com\/newsite\/wp-content\/uploads\/2014\/08\/5244cd0df5c42f515b841fdd3f4d119e-300x225arkanjos.jpg\"><img loading=\"lazy\" decoding=\"async\" class=\"alignright size-full wp-image-3982\" title=\"5244cd0df5c42f515b841fdd3f4d119e-300x225arkanjos\" src=\"http:\/\/paroquianossasenhoradaescada.com\/newsite\/wp-content\/uploads\/2014\/08\/5244cd0df5c42f515b841fdd3f4d119e-300x225arkanjos.jpg\" alt=\"\" width=\"300\" height=\"225\" \/><\/a>A grande compositora e int\u00e9rprete da m\u00fasica tema do Comvoca\u00e7\u00e3o e a banda que mais esteve presente no evento, mais um ano sobe no s\u00e1bado ao Palco principal da nossa Festa.<\/p>\n<p>Arkanjos surgiu em 1987, na Diocese de Osasco, como minist\u00e9rio de m\u00fasica com o intuito de servir a Grupo de Ora\u00e7\u00e3o, tendo seu trabalho originado na RCC, aonde permanecem at\u00e9 hoje. Atualmente o vocalista da banda \u00e9 o coordenador nacional do Minist\u00e9rio de Artes da Renova\u00e7\u00e3o Carism\u00e1tica do Brasil.<\/p>\n<p>O primeiro trabalho da banda s\u00f3 foi lan\u00e7ado com 11 anos de carreira, \u201cRecebe oh M\u00e3e\u201d. Por tr\u00eas anos, a partir de 99, eles passaram a tocar com a cantora Adriana em v\u00e1rios lugares do pa\u00eds. Nesse per\u00edodo duas m\u00fasicas da banda Arkanjos ficaram conhecidas: \u201cPra te louvar\u201d e \u201cLouvando com Arkanjos\u201d (mais conhecida como Caranguejo).<\/p>\n<p>Com mais de 25 anos de trajet\u00f3ria a banda possui can\u00e7\u00f5es conhecidas nacionalmente, como: \u201cSentinela da Manh\u00e3\u201d, \u201cSanta Cruz\u201d, entre outras.<\/p>\n<p><strong>Ceremonya<br \/>\n<\/strong><br \/>\n<a href=\"http:\/\/paroquianossasenhoradaescada.com\/newsite\/wp-content\/uploads\/2014\/08\/ceremonya-300x180.jpg\"><img loading=\"lazy\" decoding=\"async\" class=\"alignleft size-full wp-image-3983\" title=\"ceremonya-300x180\" src=\"http:\/\/paroquianossasenhoradaescada.com\/newsite\/wp-content\/uploads\/2014\/08\/ceremonya-300x180.jpg\" alt=\"\" width=\"300\" height=\"180\" \/><\/a>Pelo segundo ano consecutivo a banda de rock cat\u00f3lica se apresenta no s\u00e1bado no palco do Comvoca\u00e7\u00e3o. Na edi\u00e7\u00e3o anterior, o grupo levou a juventude \u00e0 uma forte musicalidade e espiritualidade.<\/p>\n<p>A banda Ceremonya \u00e9 formada por Irineu Frade nos vocais, na bateria e vocal Danilo Lopes, no baixo R\u00e9gis Costa, Nei Medeiros nos teclados e Gustavo D\u00fcbern nas guitarras. O minist\u00e9rio possui uma carreira de mais de 07 anos, tendo lan\u00e7ado o primeiro CD \u201cSacramento da Cura\u201d em 2007 de maneira independente. J\u00e1 segundo \u00e1lbum foi gravado pelas Paulinas COMEP em 2010 com t\u00edtulo hom\u00f4nimo, Ceremonya, este CD conferiu \u00e0 banda oito indica\u00e7\u00f5es no pr\u00eamio \u201cLouvemos o Senhor\u201d, da TV S\u00e9culo XXI, tendo ganhado na categoria de Melhor \u00c1lbum de rock do ano de 2010.<\/p>\n<p>Atualmente a banda est\u00e1 iniciando os trabalhos para a grava\u00e7\u00e3o do seu terceiro CD.<\/p>\n<p><strong>Padre Antonio Maria<br \/>\n<\/strong><br \/>\n<a href=\"http:\/\/paroquianossasenhoradaescada.com\/newsite\/wp-content\/uploads\/2014\/08\/PADRE-ANT\u00d4NIO-MARIA-02-FOTO-DIVULGA\u00c7\u00c3O-300x224.jpg\"><img loading=\"lazy\" decoding=\"async\" class=\"alignright size-full wp-image-3984\" title=\"PADRE-ANT\u00d4NIO-MARIA-02-FOTO-DIVULGA\u00c7\u00c3O-300x224\" src=\"http:\/\/paroquianossasenhoradaescada.com\/newsite\/wp-content\/uploads\/2014\/08\/PADRE-ANT\u00d4NIO-MARIA-02-FOTO-DIVULGA\u00c7\u00c3O-300x224.jpg\" alt=\"\" width=\"300\" height=\"224\" \/><\/a>Um dos cantores que sempre est\u00e1 presente no evento, o padre Antonio Maria se apresenta no domingo no palco do Comvoca\u00e7\u00e3o. E como ele mesmo j\u00e1 declarou, fica ansioso em comemorar seu anivers\u00e1rio (17 de agosto) junto com a Festa das Voca\u00e7\u00f5es da Diocese de Osasco.<\/p>\n<p>Filho de imigrantes portugueses, Antonio Moreira Borges sonhava desde os seus 16 anos em ser padre e em 1976 recebeu a ordena\u00e7\u00e3o sacerdotal, a partir dai ela passou a se chamar Padre Antonio Maria, em honra \u00e0 m\u00e3e de Jesus.<\/p>\n<p>Um outro sonho do ent\u00e3o jovem, era de ser cantor e foi justamente na sua ordena\u00e7\u00e3o que ele sentiu Deus confirmando tamb\u00e9m essa voca\u00e7\u00e3o, quando o bispo pediu para que ele cantasse uma can\u00e7\u00e3o para a M\u00e3e Sant\u00edssima.<\/p>\n<p>O padre que \u00e9 consagrado e um dos expoentes do Movimento de Schoenstatt, da M\u00e3e e Rainha Tr\u00eas Vezes Admir\u00e1vel, recebeu do Papa Jo\u00e3o Paulo II o incentivo de evangelizar atrav\u00e9s da m\u00fasica.<\/p>\n<p>Padre Antonio Maria desenvolve trabalhos sociais com crian\u00e7as em situa\u00e7\u00e3o de abandono, tendo fundado o Centro Educacional Catarina Kentenich, a comunidade religiosa feminina Filhas de Maria Servas dos Pequeninos e tamb\u00e9m a Obra do Novo Caminho, todos em prol das crian\u00e7as \u00f3rf\u00e3s.<\/p>\n<p><strong>Cantores de Deus<br \/>\n<\/strong><br \/>\n<a href=\"http:\/\/paroquianossasenhoradaescada.com\/newsite\/wp-content\/uploads\/2014\/08\/Cantores-de-Deus-300x200.jpg\"><img loading=\"lazy\" decoding=\"async\" class=\"alignleft size-full wp-image-3985\" title=\"Cantores-de-Deus-300x200\" src=\"http:\/\/paroquianossasenhoradaescada.com\/newsite\/wp-content\/uploads\/2014\/08\/Cantores-de-Deus-300x200.jpg\" alt=\"\" width=\"300\" height=\"200\" \/><\/a>O grupo Cantores de Deus se apresenta novamente na edi\u00e7\u00e3o deste ano do Comvoca\u00e7\u00e3o, subindo ao palco no domingo, levando o p\u00fablico a momentos de louvores e reflex\u00e3o a partir da vasta experi\u00eancia, com uma hist\u00f3ria de 15 anos, 7 CDs gravados e 1 DVD ao vivo.<\/p>\n<p>Cantores de Deus surgiu inicialmente como um grupo vocal que acompanhasse o Pe. Zezinho, scj, em suas viagens. A primeira forma\u00e7\u00e3o era composta: Luan, Vanessa, Suely Ferreira, Dalva Ten\u00f3rio e Karla Fioravante, e gravaram os primeiros CDs: \u201cEm Verso e em can\u00e7\u00e3o\u201d (1997, em 98 a vers\u00e3o em espanhol), \u201cIguais\u201d (2000) e \u201cDe olho no mundo\u201d (2002). O grupo passou por algumas mudan\u00e7as e no mesmo per\u00edodo gravou outros trabalhos.<\/p>\n<p>O primeiro Disco de Ouro Duplo, veio de sua gravadora Paulinas COMEP, pelos \u00e1lbuns: \u201cEm verso e em can\u00e7\u00e3o\u201d e \u201cIguais\u201d.<br \/>\nCantores de Deus tamb\u00e9m apresentou programa de TV (de 2000 a 2002) juntamente com o Pe. Zezinho, scj.<\/p>\n<p>Em 2009, j\u00e1 com uma nova equipe e permanente integrantes nos vocais: Karla, Dalva e Andr\u00e9ia, Cantores de Deus lan\u00e7a o s\u00e9timo CD: Mulheres. Em 2011 \u00e9 feito o mais recente trabalho, o DVD Mulheres.<\/p>\n<p>A trajet\u00f3ria do grupo \u00e9 de grande reconhecimento, j\u00e1 tendo sido premiado por 3 anos como melhor grupo vocal cat\u00f3lico, pelo \u201cTrof\u00e9u Louvemos o Senhor\u201d, e em 2012 recebeu a indica\u00e7\u00e3o ao Grammy Latino como melhor \u00e1lbum crist\u00e3o.<\/p>\n<p>Para mais informa\u00e7\u00f5es: imprensa@comvocacao.org<\/p>\n<p>______________________________________<br \/>\nPadre Nilso Motta ainda n\u00e3o repassou release<br \/>\nMinist\u00e9rio Encontro ainda n\u00e3o repassou release<\/p>\n<p>Fonte: Comvoca\u00e7\u00e3o e www.diocesedeosasco.com.br<\/p>\n","protected":false},"excerpt":{"rendered":"<p>O Comvoca\u00e7\u00e3o re\u00fane grandes nomes da m\u00fasica cat\u00f3lica em shows durante o fim de semana. Conhe\u00e7a um pouco da trajet\u00f3ria dos cantores e bandas que ir\u00e3o se apresentar nessa 11\u00aa edi\u00e7\u00e3o no Palco Principal da Festa das Voca\u00e7\u00f5es. Rosa de Saron Mais uma vez a banda cat\u00f3lica de rock sobe ao Palco Principal do Comvoca\u00e7\u00e3o,&hellip;<\/p>\n","protected":false},"author":2,"featured_media":0,"comment_status":"open","ping_status":"open","sticky":false,"template":"","format":"standard","meta":{"footnotes":""},"categories":[1],"tags":[],"_links":{"self":[{"href":"http:\/\/paroquianossasenhoradaescada.com\/newsite\/wp-json\/wp\/v2\/posts\/3977"}],"collection":[{"href":"http:\/\/paroquianossasenhoradaescada.com\/newsite\/wp-json\/wp\/v2\/posts"}],"about":[{"href":"http:\/\/paroquianossasenhoradaescada.com\/newsite\/wp-json\/wp\/v2\/types\/post"}],"author":[{"embeddable":true,"href":"http:\/\/paroquianossasenhoradaescada.com\/newsite\/wp-json\/wp\/v2\/users\/2"}],"replies":[{"embeddable":true,"href":"http:\/\/paroquianossasenhoradaescada.com\/newsite\/wp-json\/wp\/v2\/comments?post=3977"}],"version-history":[{"count":0,"href":"http:\/\/paroquianossasenhoradaescada.com\/newsite\/wp-json\/wp\/v2\/posts\/3977\/revisions"}],"wp:attachment":[{"href":"http:\/\/paroquianossasenhoradaescada.com\/newsite\/wp-json\/wp\/v2\/media?parent=3977"}],"wp:term":[{"taxonomy":"category","embeddable":true,"href":"http:\/\/paroquianossasenhoradaescada.com\/newsite\/wp-json\/wp\/v2\/categories?post=3977"},{"taxonomy":"post_tag","embeddable":true,"href":"http:\/\/paroquianossasenhoradaescada.com\/newsite\/wp-json\/wp\/v2\/tags?post=3977"}],"curies":[{"name":"wp","href":"https:\/\/api.w.org\/{rel}","templated":true}]}}