{"id":3816,"date":"2014-07-12T17:43:33","date_gmt":"2014-07-12T17:43:33","guid":{"rendered":"http:\/\/paroquianossasenhoradaescada.com\/newsite\/?p=3816"},"modified":"2014-07-13T00:46:38","modified_gmt":"2014-07-13T00:46:38","slug":"jornada-diocesana-vocacional-paroquia-nossa-senhora-da-escada","status":"publish","type":"post","link":"http:\/\/paroquianossasenhoradaescada.com\/newsite\/jornada-diocesana-vocacional-paroquia-nossa-senhora-da-escada\/","title":{"rendered":"JORNADA DIOCESANA VOCACIONAL &#8211; PAROQUIA NOSSA SENHORA DA ESCADA"},"content":{"rendered":"<p><a href=\"http:\/\/paroquianossasenhoradaescada.com\/newsite\/wp-content\/uploads\/2014\/07\/Jornada-Vocacional-Escada.jpg\"><img fetchpriority=\"high\" decoding=\"async\" class=\"aligncenter size-medium wp-image-3817\" title=\"Jornada Vocacional Escada\" src=\"http:\/\/paroquianossasenhoradaescada.com\/newsite\/wp-content\/uploads\/2014\/07\/Jornada-Vocacional-Escada-710x532.jpg\" alt=\"\" width=\"710\" height=\"532\" srcset=\"http:\/\/paroquianossasenhoradaescada.com\/newsite\/wp-content\/uploads\/2014\/07\/Jornada-Vocacional-Escada-710x532.jpg 710w, http:\/\/paroquianossasenhoradaescada.com\/newsite\/wp-content\/uploads\/2014\/07\/Jornada-Vocacional-Escada.jpg 960w\" sizes=\"(max-width: 710px) 100vw, 710px\" \/><\/a><br \/>\n<strong> Data: 29\/07 (ter\u00e7a-feira)<br \/>\nLocal: Comunidade Nossa Senhora Aparecida<br \/>\nHora: 19:30 horas<\/strong><\/p>\n<p>A Jornada Diocesana Vocacional ocorre com a visita da imagem e rel\u00edquia de S\u00e3o Jo\u00e3o Maria Vianney nas par\u00f3quias da Diocese. O evento acontece em prepara\u00e7\u00e3o para o Comvoca\u00e7\u00e3o e como um despertar para o chamado de Deus \u00e0 vida sacerdotal.<\/p>\n<p>A Jornada acontece at\u00e9 o dia 15 de agosto e em cada lugar grupos de seminaristas ir\u00e3o juntos com a imagem e a rel\u00edquia, para poderem rezar e acompanhar jovens que desejem fazer o caminho vocacional.<\/p>\n<p>A Festa das Voca\u00e7\u00f5es est\u00e1 na sua 11\u00aa edi\u00e7\u00e3o e acontecer\u00e1 nos dias 16 e 17 de agosto em Barueri. O Comvoca\u00e7\u00e3o \u00e9 um dos maiores eventos da Diocese e uma forma de conseguir recursos para o mantimento do Semin\u00e1rio S\u00e3o Jos\u00e9.<\/p>\n<p>Fonte: diocesedeosasco.com.br<\/p>\n","protected":false},"excerpt":{"rendered":"<p>Data: 29\/07 (ter\u00e7a-feira) Local: Comunidade Nossa Senhora Aparecida Hora: 19:30 horas A Jornada Diocesana Vocacional ocorre com a visita da imagem e rel\u00edquia de S\u00e3o Jo\u00e3o Maria Vianney nas par\u00f3quias da Diocese. O evento acontece em prepara\u00e7\u00e3o para o Comvoca\u00e7\u00e3o e como um despertar para o chamado de Deus \u00e0 vida sacerdotal. A Jornada acontece&hellip;<\/p>\n","protected":false},"author":2,"featured_media":0,"comment_status":"open","ping_status":"open","sticky":false,"template":"","format":"standard","meta":{"footnotes":""},"categories":[1],"tags":[],"_links":{"self":[{"href":"http:\/\/paroquianossasenhoradaescada.com\/newsite\/wp-json\/wp\/v2\/posts\/3816"}],"collection":[{"href":"http:\/\/paroquianossasenhoradaescada.com\/newsite\/wp-json\/wp\/v2\/posts"}],"about":[{"href":"http:\/\/paroquianossasenhoradaescada.com\/newsite\/wp-json\/wp\/v2\/types\/post"}],"author":[{"embeddable":true,"href":"http:\/\/paroquianossasenhoradaescada.com\/newsite\/wp-json\/wp\/v2\/users\/2"}],"replies":[{"embeddable":true,"href":"http:\/\/paroquianossasenhoradaescada.com\/newsite\/wp-json\/wp\/v2\/comments?post=3816"}],"version-history":[{"count":0,"href":"http:\/\/paroquianossasenhoradaescada.com\/newsite\/wp-json\/wp\/v2\/posts\/3816\/revisions"}],"wp:attachment":[{"href":"http:\/\/paroquianossasenhoradaescada.com\/newsite\/wp-json\/wp\/v2\/media?parent=3816"}],"wp:term":[{"taxonomy":"category","embeddable":true,"href":"http:\/\/paroquianossasenhoradaescada.com\/newsite\/wp-json\/wp\/v2\/categories?post=3816"},{"taxonomy":"post_tag","embeddable":true,"href":"http:\/\/paroquianossasenhoradaescada.com\/newsite\/wp-json\/wp\/v2\/tags?post=3816"}],"curies":[{"name":"wp","href":"https:\/\/api.w.org\/{rel}","templated":true}]}}