{"id":248,"date":"2013-10-29T10:49:10","date_gmt":"2013-10-29T10:49:10","guid":{"rendered":"http:\/\/paroquianossasenhoradaescada.com\/newsite\/?p=248"},"modified":"2024-05-09T17:56:46","modified_gmt":"2024-05-09T17:56:46","slug":"a-paroquia","status":"publish","type":"post","link":"http:\/\/paroquianossasenhoradaescada.com\/newsite\/a-paroquia\/","title":{"rendered":"A PAR\u00d3QUIA"},"content":{"rendered":"<p>A Par\u00f3quia Nossa Senhora da Escada situa-se no munic\u00edpio de Barueri, Diocese de Osasco e compreende os bairros Aldeia de Barueri, Nova Aldeinha, Jardim dos Camargos, Boa Vista, Vila Porto, Vila Barros, Jd. Tupanci, Jd. Esperan\u00e7a, Jd. S\u00e3o Luis e Ch\u00e1caras Marco.<\/p>\n<p>\u00c9 composta de seis comunidades: Nossa Senhora da Escada, S\u00e3o Jos\u00e9 Oper\u00e1rio, Nossa Senhora Aparecida, Nossa Senhora das Dores, Nossa Senhora da Esperan\u00e7a e Santo Ant\u00f4nio. Criada em 1984, a Par\u00f3quia teve como p\u00e1roco at\u00e9 hoje: Padre Luis de Oliveira Andrade, Padre Ant\u00f4nio Alves Afonso e Padre Mauro Ferreira, Padre F\u00e1bio Ros\u00e1rio e o atual P\u00e1roco Padre Pedro Rodrigues Lopes.<\/p>\n<p><strong>A PAR\u00d3QUIA NOSSA SENHORA DA ESCADA POSSUI A SEGUINTE VIDA LIT\u00daRGICA<br \/>\n<\/strong><\/p>\n<p><strong>1.<\/strong> <strong>Missas e Celebra\u00e7\u00f5es da Palavra:<\/strong> Nos finais de semana temos, distribu\u00eddas pelas comunidades, Missas e Celebra\u00e7\u00f5es da Palavra, de forma que o Padre est\u00e1 presente em cada hor\u00e1rio de Celebra\u00e7\u00e3o de quinze em quinze dias.<\/p>\n<p><strong>2. Celebra\u00e7\u00f5es do Batismo:<\/strong> realiza-se uma celebra\u00e7\u00e3o do Batismo comunit\u00e1ria todos os meses na Comunidade N. S. Aparecida e de dois em dois meses nas Comunidades Nossa Senhora da Escada, Nossa Senhora da Esperan\u00e7a e Nossa Senhora das Dores.<\/p>\n<p><strong>3. Confiss\u00f5es: <\/strong>\u00a0O padre est\u00e1 dispon\u00edvel para as confiss\u00f5es ap\u00f3s \u00e0 missa, ou em hor\u00e1rio a ser agendado na secretaria paroquial, e uma vez por m\u00eas permanece \u00e0 tarde em cada comunidade para atender os fi\u00e9is. Duas vezes por ano por ocasi\u00e3o da Quaresma e do Advento, realiza-se, com a presen\u00e7a dos padres da regi\u00e3o, a Celebra\u00e7\u00e3o da Penitencia em que os membros da Par\u00f3quia podem confessar-se individualmente.<\/p>\n<p><strong>4. Crisma e Inicia\u00e7\u00e3o Crist\u00e3 de Adultos:<\/strong> A Crisma \u00e9 realizada na par\u00f3quia de dois em dois anos, tempo necess\u00e1rio para a prepara\u00e7\u00e3o. A Inicia\u00e7\u00e3o Crist\u00e3 de Adultos \u00e9 realizada uma vez por ano, ap\u00f3s catequese de adultos.<\/p>\n<p><strong>5. Hora Santa e Ben\u00e7\u00e3o do Sant\u00edssimo Sacramento: <\/strong>Uma vez por m\u00eas, fazendo rod\u00edzio pelas comunidades, celebramos a Hora Santa com a Ben\u00e7\u00e3o do Sant\u00edssimo Sacramento nas primeiras quintas-feiras.<\/p>\n<p><strong>6. Festas dos Padroeiros:<\/strong> Cada comunidade realiza por ocasi\u00e3o da comemora\u00e7\u00e3o do seu padroeiro uma Missa solene precedida de uma novena que acontece nas casas dos paroquianos, devotos dos padroeiros. Para a Festa da Padroeira da Par\u00f3quia Nossa Senhora da Escada, realizamos uma novena com missas em todas as comunidades de nossa paroquia.<\/p>\n<p><strong>7. Corpus Christi: <\/strong>Por ocasi\u00e3o da solenidade de Corpus Christi realizamos uma \u00fanica Missa paroquial no qual sai a prociss\u00e3o em que o Sant\u00edssimo Sacramento passa por um tapete feito pelas Pastorais e Movimentos at\u00e9 a Comunidade Nossa Senhora Aparecida, na qual \u00e9 dada a Ben\u00e7\u00e3o do Sant\u00edssimo.<\/p>\n<p><strong>A FORMA\u00c7\u00c3O<\/strong><\/p>\n<p>Al\u00e9m dos v\u00e1rios encontros de forma\u00e7\u00e3o que acontecem durante o ano sobre os elementos espec\u00edficos de cada pastoral, a par\u00f3quia realiza encontros para todos os agentes de pastoral sobre temas de interesse de todos, como Documentos da Igreja, forma\u00e7\u00e3o humano-afetiva, forma\u00e7\u00e3o de F\u00e9 e Pol\u00edtica e tantos outros temas.<\/p>\n<p><strong>OS CONSELHOS<\/strong><\/p>\n<p><strong>O Conselho Paroquial de Pastoral<\/strong> (CPP) \u00e9 formado pelos coordenadores dos Conselhos Comunit\u00e1rios e das Pastorais, Movimentos e Organismos da Par\u00f3quia. Cada coordenador \u00e9 eleito pelos membros do grupo que representa, por um mandato de tr\u00eas anos.<\/p>\n<p><strong>Os Conselhos Comunit\u00e1rios de Pastoral<\/strong> (CCP) s\u00e3o formados pelos coordenadores das pastorais e movimentos existentes em cada comunidade.<\/p>\n<p><strong>O Conselho Administrativo e Econ\u00f4mico Paroquial<\/strong> (CAEP) \u00e9 composto do tesoureiro Paroquial e dos tesoureiros das comunidades.<br \/>\nOs conselhos se re\u00fanem uma vez por m\u00eas ou extraordinariamente quando convocados pelo Padre.<\/p>\n<p><strong>ASSEMBL\u00c9IA PAROQUIAL<\/strong><\/p>\n<p>Ao final do ano realiza-se em nossa par\u00f3quia uma Assembleia de avalia\u00e7\u00e3o e planejamento.<\/p>\n<p>S\u00e3o convocados os coordenadores paroquiais, comunit\u00e1rios e vice coordenadores de cada pastoral, movimento e organismo da par\u00f3quia.<\/p>\n<p><strong>EVENTOS PAROQUIAIS<\/strong><\/p>\n<p>Para angariar fundos para as comunidades e para o fundo paroquial, realizamos durante o ano v\u00e1rios eventos, tais como: Quermesses nas comunidades, Show de pr\u00eamio nas comunidades, Bazar nas Comunidades, um bingo paroquial anual, uma Festa Julina paroquial anual e venda de rifas.<\/p>\n<p><strong>A ADMINISTRA\u00c7\u00c3O<\/strong><\/p>\n<p>A par\u00f3quia e sua a\u00e7\u00e3o evangelizadora s\u00e3o sustentadas pelos eventos que realizamos, pelas ofertas, dizimo e doa\u00e7\u00f5es. Quarenta por cento (40%) do que \u00e9 arrecadado pelas comunidades v\u00e3o para um fundo paroquial que arca com as despesas comuns de toda a par\u00f3quia. Os restantes (60%) ficam nas comunidades para que elas realizem suas obras e a\u00e7\u00f5es.<\/p>\n","protected":false},"excerpt":{"rendered":"<p>A Par\u00f3quia Nossa Senhora da Escada situa-se no munic\u00edpio de Barueri, Diocese de Osasco e compreende os bairros Aldeia de Barueri, Nova Aldeinha, Jardim dos Camargos, Boa Vista, Vila Porto, Vila Barros, Jd. Tupanci, Jd. Esperan\u00e7a, Jd. S\u00e3o Luis e Ch\u00e1caras Marco. \u00c9 composta de seis comunidades: Nossa Senhora da Escada, S\u00e3o Jos\u00e9 Oper\u00e1rio, Nossa&hellip;<\/p>\n","protected":false},"author":1,"featured_media":0,"comment_status":"open","ping_status":"open","sticky":false,"template":"","format":"standard","meta":{"footnotes":""},"categories":[3],"tags":[],"_links":{"self":[{"href":"http:\/\/paroquianossasenhoradaescada.com\/newsite\/wp-json\/wp\/v2\/posts\/248"}],"collection":[{"href":"http:\/\/paroquianossasenhoradaescada.com\/newsite\/wp-json\/wp\/v2\/posts"}],"about":[{"href":"http:\/\/paroquianossasenhoradaescada.com\/newsite\/wp-json\/wp\/v2\/types\/post"}],"author":[{"embeddable":true,"href":"http:\/\/paroquianossasenhoradaescada.com\/newsite\/wp-json\/wp\/v2\/users\/1"}],"replies":[{"embeddable":true,"href":"http:\/\/paroquianossasenhoradaescada.com\/newsite\/wp-json\/wp\/v2\/comments?post=248"}],"version-history":[{"count":5,"href":"http:\/\/paroquianossasenhoradaescada.com\/newsite\/wp-json\/wp\/v2\/posts\/248\/revisions"}],"predecessor-version":[{"id":14564,"href":"http:\/\/paroquianossasenhoradaescada.com\/newsite\/wp-json\/wp\/v2\/posts\/248\/revisions\/14564"}],"wp:attachment":[{"href":"http:\/\/paroquianossasenhoradaescada.com\/newsite\/wp-json\/wp\/v2\/media?parent=248"}],"wp:term":[{"taxonomy":"category","embeddable":true,"href":"http:\/\/paroquianossasenhoradaescada.com\/newsite\/wp-json\/wp\/v2\/categories?post=248"},{"taxonomy":"post_tag","embeddable":true,"href":"http:\/\/paroquianossasenhoradaescada.com\/newsite\/wp-json\/wp\/v2\/tags?post=248"}],"curies":[{"name":"wp","href":"https:\/\/api.w.org\/{rel}","templated":true}]}}