{"id":230,"date":"2013-10-29T10:43:16","date_gmt":"2013-10-29T10:43:16","guid":{"rendered":"http:\/\/paroquianossasenhoradaescada.com\/newsite\/?p=230"},"modified":"2023-10-28T03:07:43","modified_gmt":"2023-10-28T03:07:43","slug":"o-paroco-old","status":"publish","type":"post","link":"http:\/\/paroquianossasenhoradaescada.com\/newsite\/o-paroco-old\/","title":{"rendered":"O P\u00c1ROCO"},"content":{"rendered":"<p>Nascido em 11 de Setembro de 1981, padre F\u00e1bio Ros\u00e1rio dos Santos estudou teologia na Pontif\u00edcia Universidade Cat\u00f3lica de S\u00e3o Paulo (PUC-SP) e filosofia no Centro Universit\u00e1rio Assun\u00e7\u00e3o \u2013 UNIFAI.<\/p>\n<p>\u201c<em>Aprendi que algumas coisas n\u00e3o dependem de mim, mas que tudo depende de Deus. Por isso, entrego tudo a Deus<\/em>\u201d<\/p>\n<p><a class=\"dt-single-image mfp-ready\" href=\"http:\/\/paroquianossasenhoradaescada.com\/newsite\/wp-content\/uploads\/2017\/02\/FOTOS_2017_001.jpg\" data-dt-img-description=\"\"><img fetchpriority=\"high\" decoding=\"async\" class=\"aligncenter size-medium wp-image-12301\" src=\"http:\/\/paroquianossasenhoradaescada.com\/newsite\/wp-content\/uploads\/2017\/02\/FOTOS_2017_001-710x473.jpg\" sizes=\"(max-width: 710px) 100vw, 710px\" srcset=\"http:\/\/paroquianossasenhoradaescada.com\/newsite\/wp-content\/uploads\/2017\/02\/FOTOS_2017_001-710x473.jpg 710w, http:\/\/paroquianossasenhoradaescada.com\/newsite\/wp-content\/uploads\/2017\/02\/FOTOS_2017_001-1024x683.jpg 1024w\" alt=\"\" width=\"710\" height=\"473\" \/><\/a><\/p>\n<p>\u201c<em>Amar Jesus \u00e9 amar a igreja em tudo. Amo o que eu fa\u00e7o. Obrigado Senhor por ter confiado em mim e me colocado a frente desta par\u00f3quia<\/em>\u201d.<\/p>\n<figure class=\"wp-block-image\"><img decoding=\"async\" width=\"960\" height=\"640\" class=\"wp-image-12893\" src=\"http:\/\/paroquianossasenhoradaescada.com\/newsite\/wp-content\/uploads\/2018\/04\/Divina_Missericordia_2018.jpg\" sizes=\"(max-width: 960px) 100vw, 960px\" srcset=\"http:\/\/paroquianossasenhoradaescada.com\/newsite\/wp-content\/uploads\/2018\/04\/Divina_Missericordia_2018.jpg 960w, http:\/\/paroquianossasenhoradaescada.com\/newsite\/wp-content\/uploads\/2018\/04\/Divina_Missericordia_2018-710x473.jpg 710w, http:\/\/paroquianossasenhoradaescada.com\/newsite\/wp-content\/uploads\/2018\/04\/Divina_Missericordia_2018-768x512.jpg 768w\" alt=\"\" \/><\/figure>\n<p>Data de Nascimento:\u00a0<strong>11\/09\/1981<\/strong><br \/>\nCidade Natal:\u00a0<strong>Carapicu\u00edba\/SP<\/strong><br \/>\nOrdena\u00e7\u00e3o Presbiteral:\u00a0<strong>03\/02\/2007<\/strong><br \/>\nPosse na Par\u00f3quia:\u00a0<strong>08\/02\/2017<\/strong><br \/>\nInstagram:\u00a0<strong>PadreFabinhoCSPP<\/strong><br \/>\nE-mail:\u00a0<strong>pe.fabiorosario@gmail.com<\/strong><\/p>\n","protected":false},"excerpt":{"rendered":"<p>Nascido em 11 de Setembro de 1981, padre F\u00e1bio Ros\u00e1rio dos Santos estudou teologia na Pontif\u00edcia Universidade Cat\u00f3lica de S\u00e3o Paulo (PUC-SP) e filosofia no Centro Universit\u00e1rio Assun\u00e7\u00e3o \u2013 UNIFAI. \u201cAprendi que algumas coisas n\u00e3o dependem de mim, mas que tudo depende de Deus. Por isso, entrego tudo a Deus\u201d \u201cAmar Jesus \u00e9 amar a&hellip;<\/p>\n","protected":false},"author":1,"featured_media":0,"comment_status":"open","ping_status":"open","sticky":false,"template":"","format":"standard","meta":{"footnotes":""},"categories":[1],"tags":[],"_links":{"self":[{"href":"http:\/\/paroquianossasenhoradaescada.com\/newsite\/wp-json\/wp\/v2\/posts\/230"}],"collection":[{"href":"http:\/\/paroquianossasenhoradaescada.com\/newsite\/wp-json\/wp\/v2\/posts"}],"about":[{"href":"http:\/\/paroquianossasenhoradaescada.com\/newsite\/wp-json\/wp\/v2\/types\/post"}],"author":[{"embeddable":true,"href":"http:\/\/paroquianossasenhoradaescada.com\/newsite\/wp-json\/wp\/v2\/users\/1"}],"replies":[{"embeddable":true,"href":"http:\/\/paroquianossasenhoradaescada.com\/newsite\/wp-json\/wp\/v2\/comments?post=230"}],"version-history":[{"count":7,"href":"http:\/\/paroquianossasenhoradaescada.com\/newsite\/wp-json\/wp\/v2\/posts\/230\/revisions"}],"predecessor-version":[{"id":14360,"href":"http:\/\/paroquianossasenhoradaescada.com\/newsite\/wp-json\/wp\/v2\/posts\/230\/revisions\/14360"}],"wp:attachment":[{"href":"http:\/\/paroquianossasenhoradaescada.com\/newsite\/wp-json\/wp\/v2\/media?parent=230"}],"wp:term":[{"taxonomy":"category","embeddable":true,"href":"http:\/\/paroquianossasenhoradaescada.com\/newsite\/wp-json\/wp\/v2\/categories?post=230"},{"taxonomy":"post_tag","embeddable":true,"href":"http:\/\/paroquianossasenhoradaescada.com\/newsite\/wp-json\/wp\/v2\/tags?post=230"}],"curies":[{"name":"wp","href":"https:\/\/api.w.org\/{rel}","templated":true}]}}