{"id":174,"date":"2013-10-04T13:55:13","date_gmt":"2013-10-04T13:55:13","guid":{"rendered":"http:\/\/paroquianossasenhoradaescada.com\/newsite\/?p=174"},"modified":"2018-10-22T01:24:11","modified_gmt":"2018-10-22T01:24:11","slug":"ger-grupo-de-evangelizacao-de-rua","status":"publish","type":"post","link":"http:\/\/paroquianossasenhoradaescada.com\/newsite\/ger-grupo-de-evangelizacao-de-rua\/","title":{"rendered":"GER (Grupo de Evangeliza\u00e7\u00e3o de Rua)"},"content":{"rendered":"<p><strong>OBJETIVO<\/strong><\/p>\n<p>Ajudar as fam\u00edlias a conhecer melhor a B\u00edblia e a refleti-la. Levar a Palavra de Deus e da Igreja, onde ainda n\u00e3o chegaram, reunir pessoas para partilhar a vida e criar comunh\u00e3o, rompendo com o individualismo e o isolamento.<\/p>\n<p><strong>UM POUCO DA CAMINHADA<\/strong><\/p>\n<p>Os grupos de evangeliza\u00e7\u00e3o de rua iniciaram os seus trabalhos em Agosto de 2006. Hoje os grupos espalhados por toda a par\u00f3quia se re\u00fanem semanalmente nas casas dos paroquianos para refletirem os ensinamentos b\u00edblicos e tamb\u00e9m para rezarem o Santo Ter\u00e7o em devo\u00e7\u00e3o a Maria Sant\u00edssima.<\/p>\n<p><strong>\u00c1REA DE ATUA\u00c7\u00c3O<\/strong><\/p>\n<p>Toda a par\u00f3quia.<\/p>\n<p><strong>COORDENA\u00c7\u00c3O<br \/>\n<\/strong><\/p>\n<p>Para maiores informa\u00e7\u00f5es, procurar os animadores de grupo ap\u00f3s as celebra\u00e7\u00f5es nas comunidades.<\/p>\n","protected":false},"excerpt":{"rendered":"<p>OBJETIVO Ajudar as fam\u00edlias a conhecer melhor a B\u00edblia e a refleti-la. Levar a Palavra de Deus e da Igreja, onde ainda n\u00e3o chegaram, reunir pessoas para partilhar a vida e criar comunh\u00e3o, rompendo com o individualismo e o isolamento. UM POUCO DA CAMINHADA Os grupos de evangeliza\u00e7\u00e3o de rua iniciaram os seus trabalhos em&hellip;<\/p>\n","protected":false},"author":1,"featured_media":0,"comment_status":"open","ping_status":"open","sticky":false,"template":"","format":"standard","meta":{"footnotes":""},"categories":[5],"tags":[],"_links":{"self":[{"href":"http:\/\/paroquianossasenhoradaescada.com\/newsite\/wp-json\/wp\/v2\/posts\/174"}],"collection":[{"href":"http:\/\/paroquianossasenhoradaescada.com\/newsite\/wp-json\/wp\/v2\/posts"}],"about":[{"href":"http:\/\/paroquianossasenhoradaescada.com\/newsite\/wp-json\/wp\/v2\/types\/post"}],"author":[{"embeddable":true,"href":"http:\/\/paroquianossasenhoradaescada.com\/newsite\/wp-json\/wp\/v2\/users\/1"}],"replies":[{"embeddable":true,"href":"http:\/\/paroquianossasenhoradaescada.com\/newsite\/wp-json\/wp\/v2\/comments?post=174"}],"version-history":[{"count":0,"href":"http:\/\/paroquianossasenhoradaescada.com\/newsite\/wp-json\/wp\/v2\/posts\/174\/revisions"}],"wp:attachment":[{"href":"http:\/\/paroquianossasenhoradaescada.com\/newsite\/wp-json\/wp\/v2\/media?parent=174"}],"wp:term":[{"taxonomy":"category","embeddable":true,"href":"http:\/\/paroquianossasenhoradaescada.com\/newsite\/wp-json\/wp\/v2\/categories?post=174"},{"taxonomy":"post_tag","embeddable":true,"href":"http:\/\/paroquianossasenhoradaescada.com\/newsite\/wp-json\/wp\/v2\/tags?post=174"}],"curies":[{"name":"wp","href":"https:\/\/api.w.org\/{rel}","templated":true}]}}