{"id":170,"date":"2013-10-04T13:54:43","date_gmt":"2013-10-04T13:54:43","guid":{"rendered":"http:\/\/paroquianossasenhoradaescada.com\/newsite\/?p=170"},"modified":"2018-10-22T01:23:56","modified_gmt":"2018-10-22T01:23:56","slug":"liturgia","status":"publish","type":"post","link":"http:\/\/paroquianossasenhoradaescada.com\/newsite\/liturgia\/","title":{"rendered":"Liturgia"},"content":{"rendered":"<p><img fetchpriority=\"high\" decoding=\"async\" class=\"alignleft size-full wp-image-449\" title=\"LITURGIA\" src=\"http:\/\/paroquianossasenhoradaescada.com\/newsite\/wp-content\/uploads\/2013\/10\/LITURGIA.jpg\" alt=\"\" width=\"344\" height=\"443\" \/> <strong>OBJETIVO<\/strong><\/p>\n<p>Promover a participa\u00e7\u00e3o ativa e consciente dos fi\u00e9is nas celebra\u00e7\u00f5es, fazendo mem\u00f3ria do Mist\u00e9rio Pascal de Cristo atrav\u00e9s das equipes de celebra\u00e7\u00f5es para os diversos Sacramentos, de encontros, retiros e de uma constante Catequese lit\u00fargica.<\/p>\n<p><strong>UM POUCO DA CAMINHADA<\/strong><\/p>\n<p>A pastoral lit\u00fargica come\u00e7ou a se organizar sistematicamente em nossa Par\u00f3quia a partir do segundo semestre de 2003. Hoje, contamos com v\u00e1rias equipes de celebra\u00e7\u00e3o e com uma coordena\u00e7\u00e3o paroquial que re\u00fane os coordenadores de todas as comunidades uma vez por m\u00eas. Todo S\u00e1bado pela manh\u00e3, os respons\u00e1veis pelas equipes se re\u00fanem com Pe Mauro e  para preparar a celebra\u00e7\u00e3o Eucar\u00edstica que acontecer\u00e1 no Domingo da pr\u00f3xima semana.<\/p>\n<p><strong>\u00c1REA DE ATUA\u00c7\u00c3O<\/strong><\/p>\n<p>Toda a par\u00f3quia.<\/p>\n<p><strong>COORDENA\u00c7\u00c3O<\/strong><\/p>\n<p>Para maiores informa\u00e7\u00f5es, procurar os animadores das celebra\u00e7\u00f5es ap\u00f3s as mesmas nas comunidades.<\/p>\n","protected":false},"excerpt":{"rendered":"<p>OBJETIVO Promover a participa\u00e7\u00e3o ativa e consciente dos fi\u00e9is nas celebra\u00e7\u00f5es, fazendo mem\u00f3ria do Mist\u00e9rio Pascal de Cristo atrav\u00e9s das equipes de celebra\u00e7\u00f5es para os diversos Sacramentos, de encontros, retiros e de uma constante Catequese lit\u00fargica. UM POUCO DA CAMINHADA A pastoral lit\u00fargica come\u00e7ou a se organizar sistematicamente em nossa Par\u00f3quia a partir do segundo&hellip;<\/p>\n","protected":false},"author":1,"featured_media":0,"comment_status":"open","ping_status":"open","sticky":false,"template":"","format":"standard","meta":{"footnotes":""},"categories":[5],"tags":[],"_links":{"self":[{"href":"http:\/\/paroquianossasenhoradaescada.com\/newsite\/wp-json\/wp\/v2\/posts\/170"}],"collection":[{"href":"http:\/\/paroquianossasenhoradaescada.com\/newsite\/wp-json\/wp\/v2\/posts"}],"about":[{"href":"http:\/\/paroquianossasenhoradaescada.com\/newsite\/wp-json\/wp\/v2\/types\/post"}],"author":[{"embeddable":true,"href":"http:\/\/paroquianossasenhoradaescada.com\/newsite\/wp-json\/wp\/v2\/users\/1"}],"replies":[{"embeddable":true,"href":"http:\/\/paroquianossasenhoradaescada.com\/newsite\/wp-json\/wp\/v2\/comments?post=170"}],"version-history":[{"count":0,"href":"http:\/\/paroquianossasenhoradaescada.com\/newsite\/wp-json\/wp\/v2\/posts\/170\/revisions"}],"wp:attachment":[{"href":"http:\/\/paroquianossasenhoradaescada.com\/newsite\/wp-json\/wp\/v2\/media?parent=170"}],"wp:term":[{"taxonomy":"category","embeddable":true,"href":"http:\/\/paroquianossasenhoradaescada.com\/newsite\/wp-json\/wp\/v2\/categories?post=170"},{"taxonomy":"post_tag","embeddable":true,"href":"http:\/\/paroquianossasenhoradaescada.com\/newsite\/wp-json\/wp\/v2\/tags?post=170"}],"curies":[{"name":"wp","href":"https:\/\/api.w.org\/{rel}","templated":true}]}}