{"id":165,"date":"2013-10-04T13:53:58","date_gmt":"2013-10-04T13:53:58","guid":{"rendered":"http:\/\/paroquianossasenhoradaescada.com\/newsite\/?p=165"},"modified":"2018-10-22T01:22:57","modified_gmt":"2018-10-22T01:22:57","slug":"pascom-pastoral-da-comunicacao","status":"publish","type":"post","link":"http:\/\/paroquianossasenhoradaescada.com\/newsite\/pascom-pastoral-da-comunicacao\/","title":{"rendered":"PASCOM (Pastoral da Comunica\u00e7\u00e3o)"},"content":{"rendered":"<p><img fetchpriority=\"high\" decoding=\"async\" class=\"alignleft size-full wp-image-458\" title=\"PASCOM\" src=\"http:\/\/paroquianossasenhoradaescada.com\/newsite\/wp-content\/uploads\/2013\/10\/PASCOM.png\" alt=\"\" width=\"329\" height=\"249\" \/> <strong>OBJETIVO<\/strong><\/p>\n<p>Promover a comunica\u00e7\u00e3o entre os membros da par\u00f3quia e da par\u00f3quia com a sociedade e com toda a Igreja atrav\u00e9s de encontros de forma\u00e7\u00e3o, de remodela\u00e7\u00e3o de nossas informa\u00e7\u00f5es visuais, da manuten\u00e7\u00e3o do site da par\u00f3quia, de um boletim (Mural) informativo e tamb\u00e9m atrav\u00e9s das redes sociais.<\/p>\n<p><strong>UM POUCO DA CAMINHADA<\/strong><\/p>\n<p>Em 2009, foi formado o grupo com representantes de v\u00e1rias comunidades que, tendo experi\u00eancia na \u00e1rea, colocam seus dons a servi\u00e7o da comunica\u00e7\u00e3o paroquial.<\/p>\n<p><strong>\u00c1REA DE ATUA\u00c7\u00c3O<\/strong><\/p>\n<p>Toda a par\u00f3quia.<\/p>\n<p><strong>COORDENA\u00c7\u00c3O<\/strong><\/p>\n","protected":false},"excerpt":{"rendered":"<p>OBJETIVO Promover a comunica\u00e7\u00e3o entre os membros da par\u00f3quia e da par\u00f3quia com a sociedade e com toda a Igreja atrav\u00e9s de encontros de forma\u00e7\u00e3o, de remodela\u00e7\u00e3o de nossas informa\u00e7\u00f5es visuais, da manuten\u00e7\u00e3o do site da par\u00f3quia, de um boletim (Mural) informativo e tamb\u00e9m atrav\u00e9s das redes sociais. UM POUCO DA CAMINHADA Em 2009, foi&hellip;<\/p>\n","protected":false},"author":1,"featured_media":0,"comment_status":"open","ping_status":"open","sticky":false,"template":"","format":"standard","meta":{"footnotes":""},"categories":[5],"tags":[],"_links":{"self":[{"href":"http:\/\/paroquianossasenhoradaescada.com\/newsite\/wp-json\/wp\/v2\/posts\/165"}],"collection":[{"href":"http:\/\/paroquianossasenhoradaescada.com\/newsite\/wp-json\/wp\/v2\/posts"}],"about":[{"href":"http:\/\/paroquianossasenhoradaescada.com\/newsite\/wp-json\/wp\/v2\/types\/post"}],"author":[{"embeddable":true,"href":"http:\/\/paroquianossasenhoradaescada.com\/newsite\/wp-json\/wp\/v2\/users\/1"}],"replies":[{"embeddable":true,"href":"http:\/\/paroquianossasenhoradaescada.com\/newsite\/wp-json\/wp\/v2\/comments?post=165"}],"version-history":[{"count":0,"href":"http:\/\/paroquianossasenhoradaescada.com\/newsite\/wp-json\/wp\/v2\/posts\/165\/revisions"}],"wp:attachment":[{"href":"http:\/\/paroquianossasenhoradaescada.com\/newsite\/wp-json\/wp\/v2\/media?parent=165"}],"wp:term":[{"taxonomy":"category","embeddable":true,"href":"http:\/\/paroquianossasenhoradaescada.com\/newsite\/wp-json\/wp\/v2\/categories?post=165"},{"taxonomy":"post_tag","embeddable":true,"href":"http:\/\/paroquianossasenhoradaescada.com\/newsite\/wp-json\/wp\/v2\/tags?post=165"}],"curies":[{"name":"wp","href":"https:\/\/api.w.org\/{rel}","templated":true}]}}