{"id":163,"date":"2013-10-04T13:53:30","date_gmt":"2013-10-04T13:53:30","guid":{"rendered":"http:\/\/paroquianossasenhoradaescada.com\/newsite\/?p=163"},"modified":"2018-10-22T01:26:21","modified_gmt":"2018-10-22T01:26:21","slug":"saude","status":"publish","type":"post","link":"http:\/\/paroquianossasenhoradaescada.com\/newsite\/saude\/","title":{"rendered":"SA\u00daDE"},"content":{"rendered":"<p><img fetchpriority=\"high\" decoding=\"async\" class=\"alignleft size-full wp-image-459\" title=\"SAUDE\" src=\"http:\/\/paroquianossasenhoradaescada.com\/newsite\/wp-content\/uploads\/2013\/10\/SAUDE.png\" alt=\"\" width=\"344\" height=\"370\" \/> <strong>OBJETIVO<\/strong><\/p>\n<p>O objetivo da pastoral, al\u00e9m de visitar enfermos e idosos, \u00e9 evangeliz\u00e1-los atrav\u00e9s da ora\u00e7\u00e3o e do resgate da dignidade dos enfermos, dos pobres e sofredores, participando assim, da constru\u00e7\u00e3o de uma sociedade justa e solid\u00e1ria a servi\u00e7o da vida.<\/p>\n<p><strong>UM POUCO DA CAMINHADA<\/strong><\/p>\n<p>A pastoral da sa\u00fade iniciou o seu trabalho em nossa Par\u00f3quia em Setembro de 2007. Promove reuni\u00f5es mensais para estudo, partilha das visitas, forma\u00e7\u00f5es e organiza\u00e7\u00e3o dos grupos.<\/p>\n<p><strong>\u00c1REA DE ATUA\u00c7\u00c3O<\/strong><\/p>\n<p>Toda a par\u00f3quia, visitando cerca de 100 enfermos e no Hospital Municipal todas as ter\u00e7as-feiras das 15h00 at\u00e9 as 16h00.<\/p>\n<p><strong>COORDENA\u00c7\u00c3O<\/strong><br \/>\nD. Lourdes (N. Sra. Aparecida).<\/p>\n<p><strong>ASSESSORIA <\/strong><br \/>\nIrm\u00e3 En\u00e9dia (Congrega\u00e7\u00e3o das Irm\u00e3s de Jesus na Eucaristia)<\/p>\n<p>Para maiores informa\u00e7\u00f5es, procurar D. Olga ap\u00f3s as celebra\u00e7\u00f5es na comunidade Nossa Senhora da Escada.<\/p>\n","protected":false},"excerpt":{"rendered":"<p>OBJETIVO O objetivo da pastoral, al\u00e9m de visitar enfermos e idosos, \u00e9 evangeliz\u00e1-los atrav\u00e9s da ora\u00e7\u00e3o e do resgate da dignidade dos enfermos, dos pobres e sofredores, participando assim, da constru\u00e7\u00e3o de uma sociedade justa e solid\u00e1ria a servi\u00e7o da vida. UM POUCO DA CAMINHADA A pastoral da sa\u00fade iniciou o seu trabalho em nossa&hellip;<\/p>\n","protected":false},"author":1,"featured_media":0,"comment_status":"open","ping_status":"open","sticky":false,"template":"","format":"standard","meta":{"footnotes":""},"categories":[5],"tags":[],"_links":{"self":[{"href":"http:\/\/paroquianossasenhoradaescada.com\/newsite\/wp-json\/wp\/v2\/posts\/163"}],"collection":[{"href":"http:\/\/paroquianossasenhoradaescada.com\/newsite\/wp-json\/wp\/v2\/posts"}],"about":[{"href":"http:\/\/paroquianossasenhoradaescada.com\/newsite\/wp-json\/wp\/v2\/types\/post"}],"author":[{"embeddable":true,"href":"http:\/\/paroquianossasenhoradaescada.com\/newsite\/wp-json\/wp\/v2\/users\/1"}],"replies":[{"embeddable":true,"href":"http:\/\/paroquianossasenhoradaescada.com\/newsite\/wp-json\/wp\/v2\/comments?post=163"}],"version-history":[{"count":0,"href":"http:\/\/paroquianossasenhoradaescada.com\/newsite\/wp-json\/wp\/v2\/posts\/163\/revisions"}],"wp:attachment":[{"href":"http:\/\/paroquianossasenhoradaescada.com\/newsite\/wp-json\/wp\/v2\/media?parent=163"}],"wp:term":[{"taxonomy":"category","embeddable":true,"href":"http:\/\/paroquianossasenhoradaescada.com\/newsite\/wp-json\/wp\/v2\/categories?post=163"},{"taxonomy":"post_tag","embeddable":true,"href":"http:\/\/paroquianossasenhoradaescada.com\/newsite\/wp-json\/wp\/v2\/tags?post=163"}],"curies":[{"name":"wp","href":"https:\/\/api.w.org\/{rel}","templated":true}]}}