{"id":12698,"date":"2017-12-06T01:48:49","date_gmt":"2017-12-06T01:48:49","guid":{"rendered":"http:\/\/paroquianossasenhoradaescada.com\/newsite\/?p=12698"},"modified":"2024-02-17T05:38:31","modified_gmt":"2024-02-17T05:38:31","slug":"belem-aqui-2017","status":"publish","type":"post","link":"http:\/\/paroquianossasenhoradaescada.com\/newsite\/belem-aqui-2017\/","title":{"rendered":"Bel\u00e9m \u00e9 aqui!"},"content":{"rendered":"<p><strong>CAMPANHA BEL\u00c9M \u00c9 AQUI!!!<br \/>\nMonte seu pres\u00e9pio e participe!<\/strong><\/p>\n<p>&#8211; Para participar do <strong>Bel\u00e9m \u00e9 aqui<\/strong>, basta que voc\u00ea monte o seu pres\u00e9pio em sua casa, se poss\u00edvel nas varandas, em locais que o maior n\u00famero de pessoas possam visualizar;<\/p>\n<p>&#8211; Tire uma fotografia com sua fam\u00edlia pr\u00f3xima ao pres\u00e9pio e poste nas redes sociais com a tag: <em>#belemeaqui<\/em>;<\/p>\n<p>&#8211; Na descri\u00e7\u00e3o da imagem deve conter o seguinte texto: Eu e minha fam\u00edlia estamos nos preparando para o Natal do Senhor Jesus! E voc\u00ea? J\u00e1 montou o seu pres\u00e9pio? <em>Nome da Fam\u00edlia Comunidade #belemeaqui<\/em><\/p>\n<p>&#8211; Depois disso basta curtir a p\u00e1gina da par\u00f3quia: <strong>Par\u00f3quia Nossa Senhora da Escada <\/strong>no Facebook<\/p>\n<p>&#8211; No 3\u00b0 Domingo do Advento (Domingo<em> Laetare<\/em>) ser\u00e1 divulgado em cada comunidade, uma fam\u00edlia que receber\u00e1 a visita do p\u00e1roco e uma ben\u00e7\u00e3o especial em prepara\u00e7\u00e3o para o Natal.<\/p>\n<h2 style=\"text-align: center;\">Participe<\/h2>\n<p>&nbsp;<\/p>\n<p><a class=\"dt-single-image\" href=\"http:\/\/paroquianossasenhoradaescada.com\/newsite\/wp-content\/uploads\/2017\/12\/Belemaqui.jpeg\" data-dt-img-description=\"\"><img fetchpriority=\"high\" decoding=\"async\" class=\"aligncenter  wp-image-12715\" src=\"http:\/\/paroquianossasenhoradaescada.com\/newsite\/wp-content\/uploads\/2017\/12\/Belemaqui-710x451.jpeg\" alt=\"\" width=\"523\" height=\"332\" srcset=\"http:\/\/paroquianossasenhoradaescada.com\/newsite\/wp-content\/uploads\/2017\/12\/Belemaqui-710x451.jpeg 710w, http:\/\/paroquianossasenhoradaescada.com\/newsite\/wp-content\/uploads\/2017\/12\/Belemaqui-768x488.jpeg 768w, http:\/\/paroquianossasenhoradaescada.com\/newsite\/wp-content\/uploads\/2017\/12\/Belemaqui.jpeg 944w\" sizes=\"(max-width: 523px) 100vw, 523px\" \/><\/a><\/p>\n<p>&nbsp;<\/p>\n","protected":false},"excerpt":{"rendered":"<p>CAMPANHA BEL\u00c9M \u00c9 AQUI!!! Monte seu pres\u00e9pio e participe! &#8211; Para participar do Bel\u00e9m \u00e9 aqui, basta que voc\u00ea monte o seu pres\u00e9pio em sua casa, se poss\u00edvel nas varandas, em locais que o maior n\u00famero de pessoas possam visualizar; &#8211; Tire uma fotografia com sua fam\u00edlia pr\u00f3xima ao pres\u00e9pio e poste nas redes sociais&hellip;<\/p>\n","protected":false},"author":2,"featured_media":0,"comment_status":"open","ping_status":"open","sticky":false,"template":"","format":"standard","meta":{"footnotes":""},"categories":[1],"tags":[],"_links":{"self":[{"href":"http:\/\/paroquianossasenhoradaescada.com\/newsite\/wp-json\/wp\/v2\/posts\/12698"}],"collection":[{"href":"http:\/\/paroquianossasenhoradaescada.com\/newsite\/wp-json\/wp\/v2\/posts"}],"about":[{"href":"http:\/\/paroquianossasenhoradaescada.com\/newsite\/wp-json\/wp\/v2\/types\/post"}],"author":[{"embeddable":true,"href":"http:\/\/paroquianossasenhoradaescada.com\/newsite\/wp-json\/wp\/v2\/users\/2"}],"replies":[{"embeddable":true,"href":"http:\/\/paroquianossasenhoradaescada.com\/newsite\/wp-json\/wp\/v2\/comments?post=12698"}],"version-history":[{"count":1,"href":"http:\/\/paroquianossasenhoradaescada.com\/newsite\/wp-json\/wp\/v2\/posts\/12698\/revisions"}],"predecessor-version":[{"id":14513,"href":"http:\/\/paroquianossasenhoradaescada.com\/newsite\/wp-json\/wp\/v2\/posts\/12698\/revisions\/14513"}],"wp:attachment":[{"href":"http:\/\/paroquianossasenhoradaescada.com\/newsite\/wp-json\/wp\/v2\/media?parent=12698"}],"wp:term":[{"taxonomy":"category","embeddable":true,"href":"http:\/\/paroquianossasenhoradaescada.com\/newsite\/wp-json\/wp\/v2\/categories?post=12698"},{"taxonomy":"post_tag","embeddable":true,"href":"http:\/\/paroquianossasenhoradaescada.com\/newsite\/wp-json\/wp\/v2\/tags?post=12698"}],"curies":[{"name":"wp","href":"https:\/\/api.w.org\/{rel}","templated":true}]}}